{"id":208724,"date":"2023-01-05T21:35:20","date_gmt":"2023-01-06T00:35:20","guid":{"rendered":"https:\/\/diarioregionaldigital.com.br\/?p=208724"},"modified":"2023-01-05T21:35:20","modified_gmt":"2023-01-06T00:35:20","slug":"pjf-inicia-cadastramento-para-producao-do-calendario-oficial-de-eventos-turisticos-de-juiz-de-fora-2023","status":"publish","type":"post","link":"https:\/\/diarioregionaldigital.com.br\/?p=208724","title":{"rendered":"PJF inicia cadastramento para produ\u00e7\u00e3o do \u201cCalend\u00e1rio Oficial de Eventos Tur\u00edsticos de Juiz de Fora 2023\u201d"},"content":{"rendered":"<p>Segundo informa\u00e7\u00f5es do site da Prefeitura de Juiz de Fora (PJF), nesta quinta-feira, 5, a Prefeitura de Juiz de Fora (PJF) deu in\u00edcio ao cadastramento de eventos que ser\u00e3o inclu\u00eddos no &#8220;Calend\u00e1rio Oficial de Eventos Tur\u00edsticos de Juiz de Fora 2023\u201d. O intuito \u00e9 reunir em uma agenda anual festividades gastron\u00f4micas, de neg\u00f3cios, tur\u00edsticas, esportivas, religiosas, culturais,\u00a0 al\u00e9m de feiras, congressos, showrooms e exposi\u00e7\u00f5es da cidade.\u00a0Os interessados podem acessar o\u00a0<a href=\"https:\/\/docs.google.com\/forms\/d\/e\/1FAIpQLSfJr9cdmGY2HNMCfrsDpD_5VAMtnNKBOGFPdgoWIqXl6fXGNw\/viewform\"><strong>link<\/strong><\/a>\u00a0e realizar o cadastramento, de forma gratuita, sendo o prazo final dia 25 de janeiro. O calend\u00e1rio completo ser\u00e1 divulgado no dia 7 de fevereiro.<\/p>\n<p>Poder\u00e3o fazer o registro entidades p\u00fablicas e privadas,\u00a0bastando, para isso, preencher o formul\u00e1rio online, no qual dever\u00e3o ser indicados os dados do interessado e do evento (nome do evento, CPF ou CNPJ do produtor do evento, n\u00famero de edi\u00e7\u00f5es e breve descri\u00e7\u00e3o da festa)<\/p>\n<p>Para a confec\u00e7\u00e3o do calend\u00e1rio tamb\u00e9m est\u00e3o sendo realizados levantamentos de informa\u00e7\u00f5es das secretarias da Prefeitura de Juiz de Fora e entidades ligadas ao trade tur\u00edstico.\u00a0 O anu\u00e1rio vai contribuir para divulgar os eventos tur\u00edsticos de Juiz de Fora e fornecer informa\u00e7\u00f5es de qualidade aos visitantes no momento de planejar suas viagens. Al\u00e9m de ajudar os realizadores a se organizar e adequar suas agendas e estrat\u00e9gias, possibilitando pensar e propor eventos que possam somar aos existentes.<\/p>\n","protected":false},"excerpt":{"rendered":"<p>Segundo informa\u00e7\u00f5es do site da Prefeitura de Juiz de Fora (PJF), nesta quinta-feira, 5, a Prefeitura de Juiz de Fora (PJF) deu in\u00edcio ao cadastramento de eventos que ser\u00e3o inclu\u00eddos no &#8220;Calend\u00e1rio Oficial de Eventos Tur\u00edsticos de Juiz de Fora 2023\u201d. O intuito \u00e9 reunir em uma agenda anual festividades gastron\u00f4micas, de neg\u00f3cios, tur\u00edsticas, esportivas, [&hellip;]<\/p>\n","protected":false},"author":246,"featured_media":208725,"comment_status":"closed","ping_status":"closed","sticky":false,"template":"","format":"standard","meta":{"footnotes":""},"categories":[253,436,439],"tags":[],"class_list":["post-208724","post","type-post","status-publish","format-standard","has-post-thumbnail","hentry","category-cidade","category-destaque-da-semana","category-ultima-hora"],"_links":{"self":[{"href":"https:\/\/diarioregionaldigital.com.br\/index.php?rest_route=\/wp\/v2\/posts\/208724","targetHints":{"allow":["GET"]}}],"collection":[{"href":"https:\/\/diarioregionaldigital.com.br\/index.php?rest_route=\/wp\/v2\/posts"}],"about":[{"href":"https:\/\/diarioregionaldigital.com.br\/index.php?rest_route=\/wp\/v2\/types\/post"}],"author":[{"embeddable":true,"href":"https:\/\/diarioregionaldigital.com.br\/index.php?rest_route=\/wp\/v2\/users\/246"}],"replies":[{"embeddable":true,"href":"https:\/\/diarioregionaldigital.com.br\/index.php?rest_route=%2Fwp%2Fv2%2Fcomments&post=208724"}],"version-history":[{"count":1,"href":"https:\/\/diarioregionaldigital.com.br\/index.php?rest_route=\/wp\/v2\/posts\/208724\/revisions"}],"predecessor-version":[{"id":208726,"href":"https:\/\/diarioregionaldigital.com.br\/index.php?rest_route=\/wp\/v2\/posts\/208724\/revisions\/208726"}],"wp:featuredmedia":[{"embeddable":true,"href":"https:\/\/diarioregionaldigital.com.br\/index.php?rest_route=\/wp\/v2\/media\/208725"}],"wp:attachment":[{"href":"https:\/\/diarioregionaldigital.com.br\/index.php?rest_route=%2Fwp%2Fv2%2Fmedia&parent=208724"}],"wp:term":[{"taxonomy":"category","embeddable":true,"href":"https:\/\/diarioregionaldigital.com.br\/index.php?rest_route=%2Fwp%2Fv2%2Fcategories&post=208724"},{"taxonomy":"post_tag","embeddable":true,"href":"https:\/\/diarioregionaldigital.com.br\/index.php?rest_route=%2Fwp%2Fv2%2Ftags&post=208724"}],"curies":[{"name":"wp","href":"https:\/\/api.w.org\/{rel}","templated":true}]}}