{"id":208720,"date":"2023-01-05T21:33:15","date_gmt":"2023-01-06T00:33:15","guid":{"rendered":"https:\/\/diarioregionaldigital.com.br\/?p=208720"},"modified":"2023-01-05T21:33:44","modified_gmt":"2023-01-06T00:33:44","slug":"pagamento-a-vista-do-iptu-2023-podera-ser-realizado-a-partir-da-proxima-segunda-9","status":"publish","type":"post","link":"https:\/\/diarioregionaldigital.com.br\/?p=208720","title":{"rendered":"Pagamento \u00e0 vista do IPTU 2023 poder\u00e1 ser realizado a partir da pr\u00f3xima segunda, 9"},"content":{"rendered":"<p>Segundo informa\u00e7\u00f5es do site da Prefeitura de Juiz de Fora (PJF), os contribuintes que desejam pagar o Imposto Predial e Territorial Urbano (IPTU) \u00e0 vista em 2023 poder\u00e3o faz\u00ea-lo a partir da pr\u00f3xima segunda-feira, 9 de janeiro, at\u00e9 o dia 2 de fevereiro. Neste ano o percentual de desconto ser\u00e1 de 10%.<\/p>\n<p>De acordo com a secret\u00e1ria da Fazenda, Fernanda Finotti, \u201co IPTU foi corrigido pelo\u00a0\u00cdndice Nacional de Pre\u00e7os ao Consumidor Amplo (IPCA),\u00a0que tem por objetivo principal medir a infla\u00e7\u00e3o de uma s\u00e9rie de produtos vendidos no com\u00e9rcio e varejo.\u00a0Quem pagar \u00e0 vista at\u00e9 o dia 2 de fevereiro vai ganhar um grande desconto. A infla\u00e7\u00e3o foi 5,9% e temos 10% de desconto, ganhamos 4,1% acima da infla\u00e7\u00e3o, &#8221; afirma.<\/p>\n<p>Para a quita\u00e7\u00e3o total, o cidad\u00e3o precisar\u00e1 apenas<a href=\"https:\/\/tributos4.pjf.mg.gov.br\/iptu\/\">\u00a0<strong>acessar o boleto por este link<\/strong><\/a>. Quem desejar pagar parcelado receber\u00e1 o carn\u00ea em sua resid\u00eancia a partir do m\u00eas de mar\u00e7o, ou ent\u00e3o poder\u00e1 acessar a p\u00e1gina da\u00a0<a href=\"https:\/\/www.pjf.mg.gov.br\/\"><strong>Prefeitura de Juiz de Fora (PJF)<\/strong><\/a>\u00a0no campo IPTU online (que est\u00e1 em verde, na lateral direita do site). O vencimento da cota \u00fanica sem desconto, e tamb\u00e9m da primeira parcela, \u00e9 dia 20\/03\/2023.<\/p>\n<p><strong>Pagamento em duplicidade<br \/>\n<\/strong><br \/>\nCaso o contribuinte efetue o pagamento em duplicidade, dever\u00e1 solicitar a compensa\u00e7\u00e3o ou a restitui\u00e7\u00e3o do valor atrav\u00e9s da\u00a0<a href=\"https:\/\/www.pjf.mg.gov.br\/agil\/\"><strong>Plataforma Prefeitura \u00c1gil<\/strong><\/a>, e selecionar o assunto \u201cCompensa\u00e7\u00e3o de Pagamento Indevido de IPTU\/TCRS\/CCSIP\u201d, no caso de transfer\u00eancias entre inscri\u00e7\u00f5es distintas, ou \u201cTransfer\u00eancia de Pagamento Indevido de IPTU\/TCRS\/CCSIP\u201d no caso de transfer\u00eancias entre parcelas de uma mesma inscri\u00e7\u00e3o.<br \/>\nPara os casos de restitui\u00e7\u00e3o do valor pago em duplicidade, o protocolo ser\u00e1 \u201cRestitui\u00e7\u00e3o de Pagamento Indevido de IPTU\/TCRS\/CCSIP\u201d.<\/p>\n<p><strong>N\u00e3o reconhecimento de pagamento<br \/>\n<\/strong><br \/>\nCaso o cidad\u00e3o tenha pago parcelas, mas no sistema n\u00e3o tenha sido reconhecidas como baixadas, o contribuinte dever\u00e1 protocolar tamb\u00e9m pela plataforma \u201cPrefeitura \u00c1gil\u201d, com assunto: \u201cBaixa de D\u00e9bito de IPTU\/TCRS\/CCSIP por Pagamento\u201d.<\/p>\n<p><strong>Para mais informa\u00e7\u00f5es, ligue na secretaria da Fazenda atrav\u00e9s do 3690.7339<\/strong><\/p>\n","protected":false},"excerpt":{"rendered":"<p>Segundo informa\u00e7\u00f5es do site da Prefeitura de Juiz de Fora (PJF), os contribuintes que desejam pagar o Imposto Predial e Territorial Urbano (IPTU) \u00e0 vista em 2023 poder\u00e3o faz\u00ea-lo a partir da pr\u00f3xima segunda-feira, 9 de janeiro, at\u00e9 o dia 2 de fevereiro. Neste ano o percentual de desconto ser\u00e1 de 10%. De acordo com [&hellip;]<\/p>\n","protected":false},"author":246,"featured_media":208721,"comment_status":"closed","ping_status":"closed","sticky":false,"template":"","format":"standard","meta":{"footnotes":""},"categories":[253,436,440,439],"tags":[],"class_list":["post-208720","post","type-post","status-publish","format-standard","has-post-thumbnail","hentry","category-cidade","category-destaque-da-semana","category-destaques-do-dia","category-ultima-hora"],"_links":{"self":[{"href":"https:\/\/diarioregionaldigital.com.br\/index.php?rest_route=\/wp\/v2\/posts\/208720","targetHints":{"allow":["GET"]}}],"collection":[{"href":"https:\/\/diarioregionaldigital.com.br\/index.php?rest_route=\/wp\/v2\/posts"}],"about":[{"href":"https:\/\/diarioregionaldigital.com.br\/index.php?rest_route=\/wp\/v2\/types\/post"}],"author":[{"embeddable":true,"href":"https:\/\/diarioregionaldigital.com.br\/index.php?rest_route=\/wp\/v2\/users\/246"}],"replies":[{"embeddable":true,"href":"https:\/\/diarioregionaldigital.com.br\/index.php?rest_route=%2Fwp%2Fv2%2Fcomments&post=208720"}],"version-history":[{"count":2,"href":"https:\/\/diarioregionaldigital.com.br\/index.php?rest_route=\/wp\/v2\/posts\/208720\/revisions"}],"predecessor-version":[{"id":208723,"href":"https:\/\/diarioregionaldigital.com.br\/index.php?rest_route=\/wp\/v2\/posts\/208720\/revisions\/208723"}],"wp:featuredmedia":[{"embeddable":true,"href":"https:\/\/diarioregionaldigital.com.br\/index.php?rest_route=\/wp\/v2\/media\/208721"}],"wp:attachment":[{"href":"https:\/\/diarioregionaldigital.com.br\/index.php?rest_route=%2Fwp%2Fv2%2Fmedia&parent=208720"}],"wp:term":[{"taxonomy":"category","embeddable":true,"href":"https:\/\/diarioregionaldigital.com.br\/index.php?rest_route=%2Fwp%2Fv2%2Fcategories&post=208720"},{"taxonomy":"post_tag","embeddable":true,"href":"https:\/\/diarioregionaldigital.com.br\/index.php?rest_route=%2Fwp%2Fv2%2Ftags&post=208720"}],"curies":[{"name":"wp","href":"https:\/\/api.w.org\/{rel}","templated":true}]}}