{"id":208717,"date":"2023-01-05T21:27:43","date_gmt":"2023-01-06T00:27:43","guid":{"rendered":"https:\/\/diarioregionaldigital.com.br\/?p=208717"},"modified":"2023-01-05T21:27:43","modified_gmt":"2023-01-06T00:27:43","slug":"dupla-de-marcelo-melo-bate-favoritos-e-vai-as-quartas-de-atp-adelaide","status":"publish","type":"post","link":"https:\/\/diarioregionaldigital.com.br\/?p=208717","title":{"rendered":"Dupla de Marcelo Melo bate favoritos e vai \u00e0s quartas de ATP Adelaide"},"content":{"rendered":"<p>A temporada de 2023 come\u00e7ou muito bem para o tenista brasileiro Marcelo Melo e o parceiro Mackenzie McDonald, dos Estados Unidos. \u00a0Nesta quinta-feira (5) eles derrotaram os l\u00edderes do<em>\u00a0ranking\u00a0<\/em>de duplas Wesley Koolhof (Holanda) e Neal Skupski (Inglaterra), favoritos ao t\u00edtulo do do ATP 250 de Adelaide (Austr\u00e1lia), o primeiro torneio do ano. Ap\u00f3s 1h38m de partida, a parceria Brasil-Estados Unidos levou a melhor por 2\u00a0<em>sets<\/em>\u00a0a 1 (6\/3, 5\/7 e 12-10) e avan\u00e7ou \u00e0s quartas de final do torneio preparat\u00f3rio para o Aberto da Austr\u00e1lia, com in\u00edcio no pr\u00f3ximo dia 15. Melo e McDonald voltam \u00e0 quadra \u00e0s 23h (hor\u00e1rio de Bras\u00edlia), contra Hugo Nys (M\u00f4naco) e Jan Zielinski, da Pol\u00f4nia. \u00a0<img decoding=\"async\" src=\"https:\/\/agenciabrasil.ebc.com.br\/ebc.png?id=1502085&amp;o=node\" \/><img decoding=\"async\" src=\"https:\/\/agenciabrasil.ebc.com.br\/ebc.gif?id=1502085&amp;o=node\" \/><\/p>\n<p>O mineiro de Belo Horizonte (39\u00ba no<em>\u00a0ranking\u00a0<\/em>de duplas) e o norte americano dominaram o primeiro<em>\u00a0set\u00a0<\/em>por 6\/3. Na parcial seguinte, os advers\u00e1rios empataram o jogo, levando a decis\u00e3o para o<em>\u00a0tie-break<\/em>. Melo e McDonald salvaram tr\u00eas\u00a0<em>match-points<\/em>\u00a0antes de fecharem o placar em 12-10 e assegurar a vaga nas quartas.<\/p>\n<blockquote><p>&#8220;Hoje, realmente, foi um jog\u00e3o. N\u00f3s jogamos de novo muito bem juntos. Ganhamos de uma dupla fort\u00edssima, cabe\u00e7a 1. Eles muito entrosados. Acho que a maneira que a gente vem jogando, a energia, a vibe, est\u00e1 \u00f3tima. Por isso estamos conseguindo esses resultados. Muito feliz. Acabamos salvando match-point. Tivemos chance no segundo set, depois veio o match tie-break, ficamos firmes. Foi bem legal a vit\u00f3ria e agora \u00e9 continuar com tudo na pr\u00f3xima rodada&#8221;, disse Melo logo ap\u00f3s o triunfo.<\/p><\/blockquote>\n<p>O ATP de Adelaide marca o retorno da dupla de Melo com McDonald. No ano passado, a dupla conquistou o\u00a0<a href=\"https:\/\/agenciabrasil.ebc.com.br\/esportes\/noticia\/2022-10\/em-final-com-brasileiros-marcelo-melo-leva-titulo-de-duplas-em-toquio\">ATP 500 de T\u00f3quio<\/a>, no Jap\u00e3o.<\/p>\n<p><span style=\"font-weight: 400;\">Fonte: Ag\u00eancia Brasil <\/span><\/p>\n","protected":false},"excerpt":{"rendered":"<p>A temporada de 2023 come\u00e7ou muito bem para o tenista brasileiro Marcelo Melo e o parceiro Mackenzie McDonald, dos Estados Unidos. \u00a0Nesta quinta-feira (5) eles derrotaram os l\u00edderes do\u00a0ranking\u00a0de duplas Wesley Koolhof (Holanda) e Neal Skupski (Inglaterra), favoritos ao t\u00edtulo do do ATP 250 de Adelaide (Austr\u00e1lia), o primeiro torneio do ano. Ap\u00f3s 1h38m de [&hellip;]<\/p>\n","protected":false},"author":246,"featured_media":208718,"comment_status":"closed","ping_status":"closed","sticky":false,"template":"","format":"standard","meta":{"footnotes":""},"categories":[436,257,439],"tags":[],"class_list":["post-208717","post","type-post","status-publish","format-standard","has-post-thumbnail","hentry","category-destaque-da-semana","category-esporte","category-ultima-hora"],"_links":{"self":[{"href":"https:\/\/diarioregionaldigital.com.br\/index.php?rest_route=\/wp\/v2\/posts\/208717","targetHints":{"allow":["GET"]}}],"collection":[{"href":"https:\/\/diarioregionaldigital.com.br\/index.php?rest_route=\/wp\/v2\/posts"}],"about":[{"href":"https:\/\/diarioregionaldigital.com.br\/index.php?rest_route=\/wp\/v2\/types\/post"}],"author":[{"embeddable":true,"href":"https:\/\/diarioregionaldigital.com.br\/index.php?rest_route=\/wp\/v2\/users\/246"}],"replies":[{"embeddable":true,"href":"https:\/\/diarioregionaldigital.com.br\/index.php?rest_route=%2Fwp%2Fv2%2Fcomments&post=208717"}],"version-history":[{"count":1,"href":"https:\/\/diarioregionaldigital.com.br\/index.php?rest_route=\/wp\/v2\/posts\/208717\/revisions"}],"predecessor-version":[{"id":208719,"href":"https:\/\/diarioregionaldigital.com.br\/index.php?rest_route=\/wp\/v2\/posts\/208717\/revisions\/208719"}],"wp:featuredmedia":[{"embeddable":true,"href":"https:\/\/diarioregionaldigital.com.br\/index.php?rest_route=\/wp\/v2\/media\/208718"}],"wp:attachment":[{"href":"https:\/\/diarioregionaldigital.com.br\/index.php?rest_route=%2Fwp%2Fv2%2Fmedia&parent=208717"}],"wp:term":[{"taxonomy":"category","embeddable":true,"href":"https:\/\/diarioregionaldigital.com.br\/index.php?rest_route=%2Fwp%2Fv2%2Fcategories&post=208717"},{"taxonomy":"post_tag","embeddable":true,"href":"https:\/\/diarioregionaldigital.com.br\/index.php?rest_route=%2Fwp%2Fv2%2Ftags&post=208717"}],"curies":[{"name":"wp","href":"https:\/\/api.w.org\/{rel}","templated":true}]}}