{"id":208714,"date":"2023-01-05T21:25:19","date_gmt":"2023-01-06T00:25:19","guid":{"rendered":"https:\/\/diarioregionaldigital.com.br\/?p=208714"},"modified":"2023-01-05T21:25:19","modified_gmt":"2023-01-06T00:25:19","slug":"gerson-afirma-estar-feliz-com-retorno-ao-flamengo","status":"publish","type":"post","link":"https:\/\/diarioregionaldigital.com.br\/?p=208714","title":{"rendered":"Gerson afirma estar feliz com retorno ao Flamengo"},"content":{"rendered":"<p>\u201cEstou muito feliz de estar de volta \u00e0 minha casa\u201d, foi com estas palavras que o meio-campista Gerson iniciou a sua apresenta\u00e7\u00e3o oficial no Flamengo, nesta quinta-feira (5) no Ninho do Urubu, no Rio de Janeiro. O jogador de 25 anos estava no Olympique de Marseille (Fran\u00e7a).<img decoding=\"async\" src=\"https:\/\/agenciabrasil.ebc.com.br\/ebc.png?id=1502142&amp;o=node\" \/><img decoding=\"async\" src=\"https:\/\/agenciabrasil.ebc.com.br\/ebc.gif?id=1502142&amp;o=node\" \/><\/p>\n<p>\u201cGra\u00e7as a Deus tudo aconteceu bem e estou muito feliz por estar de volta \u00e0 minha casa. J\u00e1 comecei a treinar e agora \u00e9 s\u00f3 esperar para jogar no Maracan\u00e3, pois j\u00e1 estava com muita saudade\u201d, afirmou o jogador, que firmou v\u00ednculo com o Rubro-Negro at\u00e9 o final de 2027.<\/p>\n<p>Na entrevista, Gerson falou da experi\u00eancia de atuar no futebol franc\u00eas: \u201c\u00c9 sempre bom ter aprendizados na vida, eu aprendi muitas coisas novas l\u00e1. Como coringa aprendi novas fun\u00e7\u00f5es, e espero que a minha volta seja a melhor poss\u00edvel\u201d. Pelo Flamengo o meio-campista conquistou t\u00edtulos importantes, como a Copa Libertadores de 2019, o Campeonato Brasileiro de 2020, as edi\u00e7\u00f5es 2020 e 2021 da Supercopa do Brasil e a Recopa Sul-Americana de 2020.<\/p>\n<h2>Luis Su\u00e1rez no Gr\u00eamio<\/h2>\n<p>Outra equipe a apresentar um refor\u00e7o de peso foi o Gr\u00eamio. Na noite da \u00faltima quarta-feira (4) o Tricolor Ga\u00facho promoveu uma grande festa na sua Arena em Porto Alegre para celebrar a chegada do atacante uruguaio Luis Su\u00e1rez.<\/p>\n<p>O jogador com passagens por equipes como Nacional (Uruguai), Ajax (Holanda), Liverpool (Inglaterra), Barcelona (Espanha) e Atl\u00e9tico de Madrid (Espanha) foi saudado por cerca de 32 mil entusiasmados gremistas.<\/p>\n<p>Em entrevista coletiva ap\u00f3s a festa, Su\u00e1rez expressou o contentamento por assinar com o Gr\u00eamio: \u201cEscolhi o Gr\u00eamio porque gosto de desafios. Ser\u00e1 uma grande oportunidade e sei que posso jogar em um grande time da Am\u00e9rica do Sul. Vou prometer \u00e0 torcida companheirismo, atitude dentro de campo, muita vontade e, claro, gols. O Gr\u00eamio tem uma equipe incr\u00edvel e um treinador incr\u00edvel. Vou defender as tr\u00eas cores como um torcedor do Gr\u00eamio. Quero ganhar muitas coisas aqui\u201d.<\/p>\n<p><span style=\"font-weight: 400;\">Fonte: Ag\u00eancia Brasil <\/span><\/p>\n","protected":false},"excerpt":{"rendered":"<p>\u201cEstou muito feliz de estar de volta \u00e0 minha casa\u201d, foi com estas palavras que o meio-campista Gerson iniciou a sua apresenta\u00e7\u00e3o oficial no Flamengo, nesta quinta-feira (5) no Ninho do Urubu, no Rio de Janeiro. O jogador de 25 anos estava no Olympique de Marseille (Fran\u00e7a). \u201cGra\u00e7as a Deus tudo aconteceu bem e estou [&hellip;]<\/p>\n","protected":false},"author":246,"featured_media":208715,"comment_status":"closed","ping_status":"closed","sticky":false,"template":"","format":"standard","meta":{"footnotes":""},"categories":[436,257,439],"tags":[],"class_list":["post-208714","post","type-post","status-publish","format-standard","has-post-thumbnail","hentry","category-destaque-da-semana","category-esporte","category-ultima-hora"],"_links":{"self":[{"href":"https:\/\/diarioregionaldigital.com.br\/index.php?rest_route=\/wp\/v2\/posts\/208714","targetHints":{"allow":["GET"]}}],"collection":[{"href":"https:\/\/diarioregionaldigital.com.br\/index.php?rest_route=\/wp\/v2\/posts"}],"about":[{"href":"https:\/\/diarioregionaldigital.com.br\/index.php?rest_route=\/wp\/v2\/types\/post"}],"author":[{"embeddable":true,"href":"https:\/\/diarioregionaldigital.com.br\/index.php?rest_route=\/wp\/v2\/users\/246"}],"replies":[{"embeddable":true,"href":"https:\/\/diarioregionaldigital.com.br\/index.php?rest_route=%2Fwp%2Fv2%2Fcomments&post=208714"}],"version-history":[{"count":1,"href":"https:\/\/diarioregionaldigital.com.br\/index.php?rest_route=\/wp\/v2\/posts\/208714\/revisions"}],"predecessor-version":[{"id":208716,"href":"https:\/\/diarioregionaldigital.com.br\/index.php?rest_route=\/wp\/v2\/posts\/208714\/revisions\/208716"}],"wp:featuredmedia":[{"embeddable":true,"href":"https:\/\/diarioregionaldigital.com.br\/index.php?rest_route=\/wp\/v2\/media\/208715"}],"wp:attachment":[{"href":"https:\/\/diarioregionaldigital.com.br\/index.php?rest_route=%2Fwp%2Fv2%2Fmedia&parent=208714"}],"wp:term":[{"taxonomy":"category","embeddable":true,"href":"https:\/\/diarioregionaldigital.com.br\/index.php?rest_route=%2Fwp%2Fv2%2Fcategories&post=208714"},{"taxonomy":"post_tag","embeddable":true,"href":"https:\/\/diarioregionaldigital.com.br\/index.php?rest_route=%2Fwp%2Fv2%2Ftags&post=208714"}],"curies":[{"name":"wp","href":"https:\/\/api.w.org\/{rel}","templated":true}]}}