{"id":208711,"date":"2023-01-05T21:23:51","date_gmt":"2023-01-06T00:23:51","guid":{"rendered":"https:\/\/diarioregionaldigital.com.br\/?p=208711"},"modified":"2023-01-05T21:23:51","modified_gmt":"2023-01-06T00:23:51","slug":"surfista-de-ondas-gigantes-marcio-freire-morre-apos-queda-em-nazare","status":"publish","type":"post","link":"https:\/\/diarioregionaldigital.com.br\/?p=208711","title":{"rendered":"Surfista de ondas gigantes, M\u00e1rcio Freire morre ap\u00f3s queda em Nazar\u00e9"},"content":{"rendered":"<p>O surfista de ondas gigantes M\u00e1rcio Freire, de 47 anos, morreu nesta quinta-feira (5) ao cair de um dos pared\u00f5es de \u00e1gua da praia do Norte, em Nazar\u00e9 (Portugal). \u00a0A morte foi confirmada pela\u00a0<a href=\"https:\/\/www.amn.pt\/Media\/Paginas\/DetalheNoticia.aspx?nid=4856\">Autoridade Mar\u00edtima Nacional de Portugal.<\/a><img decoding=\"async\" src=\"https:\/\/agenciabrasil.ebc.com.br\/ebc.png?id=1502158&amp;o=node\" \/><img decoding=\"async\" src=\"https:\/\/agenciabrasil.ebc.com.br\/ebc.gif?id=1502158&amp;o=node\" \/><\/p>\n<p>Segundo nota oficial da entidade, os Bombeiros Volunt\u00e1rios de Nazar\u00e9 receberam um alerta \u00e0s 16h20 (hor\u00e1rio local) para um acidente com um surfista. M\u00e1rcio foi retirado\u00a0da \u00e1gua com ajuda de nadadores em um jet-sky, mas j\u00e1 chegou na areia com parada cardiorrespirat\u00f3ria. Foram\u00a0 feitas manobras de ressuscita\u00e7\u00e3o at\u00e9 a chegada dos Bombeiros Volunt\u00e1rios de Nazar\u00e9 e socorristas do Instituto Nacional de Emerg\u00eancia M\u00e9dica (Inem), que seguiram tentando reanimar o brasileiro. No entanto, \u201cap\u00f3s v\u00e1rias tentativas n\u00e3o foi poss\u00edvel reverter a situa\u00e7\u00e3o\u201d.<\/p>\n<p>Thiago Jacar\u00e9, tamb\u00e9m especialista em ondas grandes e contempor\u00e2neo de M\u00e1rcio, lamentou a morte do amigo nas redes sociais.<\/p>\n<p>Fora dos circuitos profissionais do surfe como a Liga de Surfe Mundial (WSL, sigla em ingl\u00eas)), M\u00e1rcio Freire foi um dos pioneiros das ondas gigantes. Aos 23 anos, o baiano foi surfar em Maui (Hava\u00ed) e se notabilizou ao descer Jaws \u2013 considerada a melhor onda grande do planeta \u2013 apenas na remada.<\/p>\n<p>Em 2017, o pioneirismo de M\u00e1rcio Freire foi retratado no document\u00e1rio Mad Dogs &#8211; g\u00edria havaina cuja tradu\u00e7\u00e3o livre \u00e9 \u201cCachorros Loucos\u201d &#8211; dirigido por Roberto Studart.\u00a0A obra conta a hist\u00f3ria de M\u00e1rcio e de outros dois baianos &#8211; Danilo Couto e Yuri Soledade \u2013 que surfaram a Jaws\u00a0na f\u00e9 e na coragem, quando na \u00e9poca j\u00e1 era costume\u00a0auxiliares em jet-sky puxarem os surfistas\u00a0at\u00e9 a forma\u00e7\u00e3o da onda. Al\u00e9m disso, era comum o uso de equipamentos de equipamentos de seguran\u00e7a (coletes salva-vidas).<\/p>\n<p><span style=\"font-weight: 400;\"><br \/>\n<\/span><span style=\"font-weight: 400;\">Fonte: Ag\u00eancia Brasil <\/span><\/p>\n","protected":false},"excerpt":{"rendered":"<p>O surfista de ondas gigantes M\u00e1rcio Freire, de 47 anos, morreu nesta quinta-feira (5) ao cair de um dos pared\u00f5es de \u00e1gua da praia do Norte, em Nazar\u00e9 (Portugal). \u00a0A morte foi confirmada pela\u00a0Autoridade Mar\u00edtima Nacional de Portugal. Segundo nota oficial da entidade, os Bombeiros Volunt\u00e1rios de Nazar\u00e9 receberam um alerta \u00e0s 16h20 (hor\u00e1rio local) [&hellip;]<\/p>\n","protected":false},"author":246,"featured_media":208712,"comment_status":"closed","ping_status":"closed","sticky":false,"template":"","format":"standard","meta":{"footnotes":""},"categories":[436,257,439],"tags":[],"class_list":["post-208711","post","type-post","status-publish","format-standard","has-post-thumbnail","hentry","category-destaque-da-semana","category-esporte","category-ultima-hora"],"_links":{"self":[{"href":"https:\/\/diarioregionaldigital.com.br\/index.php?rest_route=\/wp\/v2\/posts\/208711","targetHints":{"allow":["GET"]}}],"collection":[{"href":"https:\/\/diarioregionaldigital.com.br\/index.php?rest_route=\/wp\/v2\/posts"}],"about":[{"href":"https:\/\/diarioregionaldigital.com.br\/index.php?rest_route=\/wp\/v2\/types\/post"}],"author":[{"embeddable":true,"href":"https:\/\/diarioregionaldigital.com.br\/index.php?rest_route=\/wp\/v2\/users\/246"}],"replies":[{"embeddable":true,"href":"https:\/\/diarioregionaldigital.com.br\/index.php?rest_route=%2Fwp%2Fv2%2Fcomments&post=208711"}],"version-history":[{"count":1,"href":"https:\/\/diarioregionaldigital.com.br\/index.php?rest_route=\/wp\/v2\/posts\/208711\/revisions"}],"predecessor-version":[{"id":208713,"href":"https:\/\/diarioregionaldigital.com.br\/index.php?rest_route=\/wp\/v2\/posts\/208711\/revisions\/208713"}],"wp:featuredmedia":[{"embeddable":true,"href":"https:\/\/diarioregionaldigital.com.br\/index.php?rest_route=\/wp\/v2\/media\/208712"}],"wp:attachment":[{"href":"https:\/\/diarioregionaldigital.com.br\/index.php?rest_route=%2Fwp%2Fv2%2Fmedia&parent=208711"}],"wp:term":[{"taxonomy":"category","embeddable":true,"href":"https:\/\/diarioregionaldigital.com.br\/index.php?rest_route=%2Fwp%2Fv2%2Fcategories&post=208711"},{"taxonomy":"post_tag","embeddable":true,"href":"https:\/\/diarioregionaldigital.com.br\/index.php?rest_route=%2Fwp%2Fv2%2Ftags&post=208711"}],"curies":[{"name":"wp","href":"https:\/\/api.w.org\/{rel}","templated":true}]}}