{"id":208702,"date":"2023-01-05T21:12:03","date_gmt":"2023-01-06T00:12:03","guid":{"rendered":"https:\/\/diarioregionaldigital.com.br\/?p=208702"},"modified":"2023-01-05T21:12:03","modified_gmt":"2023-01-06T00:12:03","slug":"pobres-estarao-no-orcamento-publico-diz-simone-tebet-ao-assumir-cargo","status":"publish","type":"post","link":"https:\/\/diarioregionaldigital.com.br\/?p=208702","title":{"rendered":"Pobres estar\u00e3o no or\u00e7amento p\u00fablico, diz Simone Tebet ao assumir cargo"},"content":{"rendered":"<p>Em cerim\u00f4nia concorrida no Pal\u00e1cio do Planalto, a senadora Simone Tebet (MDB-MS) assumiu oficialmente, nesta quinta-feira (5), o comando da pasta do Planejamento e Or\u00e7amento. Em discurso, a nova ministra da pasta recriada pelo presidente Luiz In\u00e1cio Lula da Silva, disse que os pobres ser\u00e3o tratados com prioridade no or\u00e7amento p\u00fablico.<img decoding=\"async\" src=\"https:\/\/agenciabrasil.ebc.com.br\/ebc.png?id=1502086&amp;o=node\" \/><img decoding=\"async\" src=\"https:\/\/agenciabrasil.ebc.com.br\/ebc.gif?id=1502086&amp;o=node\" \/><\/p>\n<blockquote><p>&#8220;Os pobres estar\u00e3o prioritariamente no or\u00e7amento p\u00fablico. A primeira inf\u00e2ncia, idosos, mulheres, povos origin\u00e1rios, pessoas com defici\u00eancia, LGTBQIA+. Passou da hora de dar visibilidade aos invis\u00edveis. Tem de abarcar todas essas prioridades, sem deixar de ficar de olho na d\u00edvida p\u00fablica&#8221;.<\/p><\/blockquote>\n<p>Simone Tebet destacou ainda que pretende conciliar as promessas de governo e os programas sociais com a responsabilidade fiscal, mas reconheceu que n\u00e3o ser\u00e1 uma tarefa f\u00e1cil.<\/p>\n<p>\u201cO cobertor \u00e9 curto. N\u00e3o temos margem para desperd\u00edcios ou erros. Definidas as prioridades por cada minist\u00e9rio, caber\u00e1 ao Minist\u00e9rio do Planejamento, em decis\u00e3o t\u00e9cnica e pol\u00edtica com as demais pastas econ\u00f4micas e com o presidente Lula, o papel de enquadr\u00e1-las dentro das possibilidades or\u00e7ament\u00e1rias\u201d, disse durante a cerim\u00f4nia com mais de 1 mil pessoas, segundo a assessoria da ministra.<\/p>\n<p>Apesar das conhecidas diverg\u00eancias sobre a pol\u00edtica econ\u00f4mica que tem com o ministro da fazenda, Fernando Haddad, Tebet destacou um dos pontos de converg\u00eancia com o colega: a defesa de uma reforma tribut\u00e1ria, &#8220;esperada h\u00e1 anos&#8221;.<\/p>\n<blockquote><p>\u201cComungamos com a vis\u00e3o do ministro da Fazenda, Fernando Haddad, da necessidade premente de cuidar dos gastos p\u00fablicos e da aprova\u00e7\u00e3o urgente de uma reforma tribut\u00e1ria, para garantirmos menos tributos sobre o consumo, um sistema tribut\u00e1rio menos regressivo, com simplifica\u00e7\u00e3o e justi\u00e7a tribut\u00e1ria. Somente assim teremos o crescimento necess\u00e1rio para garantir emprego e renda de que o Brasil necessita\u201d, afirmou.<\/p><\/blockquote>\n<p>Ao agradecer o presidente Lula, que n\u00e3o estava na solenidade, pela nomea\u00e7\u00e3o \u201cem um dos minist\u00e9rios mais importantes&#8221; do governo, Simone Tebet, que nunca escondeu prefer\u00eancia pela \u00e1rea social, disse como recebeu o convite para o Minist\u00e9rio do Planejamento.<\/p>\n<p>A ministra contou que antes do Natal recebeu um envelope do presidente Lula e que ele pediu que ela s\u00f3 abrisse ap\u00f3s o Natal. Ao abrir o envelope, viu o convite para chefiar a pasta e ficou surpresa. Ela lembrou a Lula sobre as &#8220;diverg\u00eancias econ\u00f4micas&#8221; com os demais integrantes da equipe, como o ministro da Fazenda, Fernando Haddad.<\/p>\n<p>&#8220;Lula me ignorou, como se dissesse: &#8216;\u00e9 isso que eu quero. Sou um presidente democrata. Quero diferentes para somar, pois assim que se constr\u00f3i uma sociedade democr\u00e1tica'&#8221;, ressaltou a ministra sob aplausos.<\/p>\n<h2>Perfil<\/h2>\n<p>Natural de Tr\u00eas Lagoas (MS), Simone Tebet (MDB), 52 anos, \u00e9 advogada e professora universit\u00e1ria. Pelo Mato Grosso do Sul foi deputada estadual, secret\u00e1ria de governo, vice-governadora, prefeita de Tr\u00eas Lagoas e senadora.<\/p>\n<p>Nas elei\u00e7\u00f5es de outubro de 2022 foi candidata \u00e0 presid\u00eancia da Rep\u00fablica e ficou em 3\u00ba lugar no primeiro turno, com 4,16% dos votos (cerca de 5 milh\u00f5es de votos). No segundo turno, ao declarar apoio a Lula, ela participou ativamente da campanha e teve papel considerado importante na vit\u00f3ria do petista.<\/p>\n<p><span style=\"font-weight: 400;\">Fonte: Ag\u00eancia Brasil <\/span><\/p>\n","protected":false},"excerpt":{"rendered":"<p>Em cerim\u00f4nia concorrida no Pal\u00e1cio do Planalto, a senadora Simone Tebet (MDB-MS) assumiu oficialmente, nesta quinta-feira (5), o comando da pasta do Planejamento e Or\u00e7amento. Em discurso, a nova ministra da pasta recriada pelo presidente Luiz In\u00e1cio Lula da Silva, disse que os pobres ser\u00e3o tratados com prioridade no or\u00e7amento p\u00fablico. &#8220;Os pobres estar\u00e3o prioritariamente [&hellip;]<\/p>\n","protected":false},"author":246,"featured_media":208703,"comment_status":"closed","ping_status":"closed","sticky":false,"template":"","format":"standard","meta":{"footnotes":""},"categories":[436,254,439],"tags":[],"class_list":["post-208702","post","type-post","status-publish","format-standard","has-post-thumbnail","hentry","category-destaque-da-semana","category-politica","category-ultima-hora"],"_links":{"self":[{"href":"https:\/\/diarioregionaldigital.com.br\/index.php?rest_route=\/wp\/v2\/posts\/208702","targetHints":{"allow":["GET"]}}],"collection":[{"href":"https:\/\/diarioregionaldigital.com.br\/index.php?rest_route=\/wp\/v2\/posts"}],"about":[{"href":"https:\/\/diarioregionaldigital.com.br\/index.php?rest_route=\/wp\/v2\/types\/post"}],"author":[{"embeddable":true,"href":"https:\/\/diarioregionaldigital.com.br\/index.php?rest_route=\/wp\/v2\/users\/246"}],"replies":[{"embeddable":true,"href":"https:\/\/diarioregionaldigital.com.br\/index.php?rest_route=%2Fwp%2Fv2%2Fcomments&post=208702"}],"version-history":[{"count":1,"href":"https:\/\/diarioregionaldigital.com.br\/index.php?rest_route=\/wp\/v2\/posts\/208702\/revisions"}],"predecessor-version":[{"id":208704,"href":"https:\/\/diarioregionaldigital.com.br\/index.php?rest_route=\/wp\/v2\/posts\/208702\/revisions\/208704"}],"wp:featuredmedia":[{"embeddable":true,"href":"https:\/\/diarioregionaldigital.com.br\/index.php?rest_route=\/wp\/v2\/media\/208703"}],"wp:attachment":[{"href":"https:\/\/diarioregionaldigital.com.br\/index.php?rest_route=%2Fwp%2Fv2%2Fmedia&parent=208702"}],"wp:term":[{"taxonomy":"category","embeddable":true,"href":"https:\/\/diarioregionaldigital.com.br\/index.php?rest_route=%2Fwp%2Fv2%2Fcategories&post=208702"},{"taxonomy":"post_tag","embeddable":true,"href":"https:\/\/diarioregionaldigital.com.br\/index.php?rest_route=%2Fwp%2Fv2%2Ftags&post=208702"}],"curies":[{"name":"wp","href":"https:\/\/api.w.org\/{rel}","templated":true}]}}