{"id":208699,"date":"2023-01-05T21:09:43","date_gmt":"2023-01-06T00:09:43","guid":{"rendered":"https:\/\/diarioregionaldigital.com.br\/?p=208699"},"modified":"2023-01-05T21:09:43","modified_gmt":"2023-01-06T00:09:43","slug":"comandante-da-marinha-diz-que-orcamento-ampliara-capacidade-naval","status":"publish","type":"post","link":"https:\/\/diarioregionaldigital.com.br\/?p=208699","title":{"rendered":"Comandante da Marinha diz que or\u00e7amento ampliar\u00e1 capacidade naval"},"content":{"rendered":"<p>O novo comandante da Marinha, almirante de Esquadra Marcos Sampaio Olsen, elogiou hoje (5), na transmiss\u00e3o de cargo, as orienta\u00e7\u00f5es iniciais do novo governo que, segundo ele, manifestou boa vontade para garantir o or\u00e7amento necess\u00e1rio para assegurar \u201ccapacidade e prontid\u00e3o operacional\u201d \u00e0 for\u00e7a militar que ser\u00e1 comandada por ele.<img decoding=\"async\" src=\"https:\/\/agenciabrasil.ebc.com.br\/ebc.png?id=1502111&amp;o=node\" \/><img decoding=\"async\" src=\"https:\/\/agenciabrasil.ebc.com.br\/ebc.gif?id=1502111&amp;o=node\" \/><\/p>\n<p>\u201cExpresso aqui not\u00f3ria gratid\u00e3o ao presidente Luiz In\u00e1cio Lula da Silva pelo apan\u00e1gio ao nomear-me comandante da Marinha. Agrade\u00e7o o introdut\u00f3rio de orienta\u00e7\u00f5es e est\u00edmulo, particularmente ao referir-se \u00e0 necessidade premente de prover o requerido espa\u00e7o or\u00e7ament\u00e1rio para aumentar a capacidade e prontid\u00e3o operacional da Marinha\u201d, disse, acrescentando \u201casseverar lealdade, comprometimento, disponibilidade e dilig\u00eancia\u201d na condu\u00e7\u00e3o da for\u00e7a naval.<\/p>\n<p>Ele reiterou o compromisso de avan\u00e7ar nas pol\u00edticas estrat\u00e9gicas e planos nacionais e setoriais de defesa, e cobrou de seus pares que deem continuidade ao aprimoramento profissional tendo como base no Plano Estrat\u00e9gico da Marinha.<\/p>\n<p>\u201cDestaco adicionalmente os programas estrat\u00e9gicos da Marinha, rastro para se constituir for\u00e7a moderna, prestada e motivada, com alto grau de independ\u00eancia tecnol\u00f3gica, composta por meios pessoal e material compat\u00edveis com a din\u00e2mica e amplitude atuais do emprego do poder naval\u201d, disse.<\/p>\n<p>O ministro da Defesa, Jos\u00e9 M\u00facio, disse em seu pronunciamento, que o ritmo da constru\u00e7\u00e3o naval \u00e9 imprescind\u00edvel para a moderniza\u00e7\u00e3o do poderio naval brasileiro, destacando o programa de desenvolvimento de submarinos, a constru\u00e7\u00e3o do primeiro submarino com propuls\u00e3o nuclear e de quatro fragatas de classe Tamandar\u00e9 e de patrulhas oce\u00e2nicas, bem como do navio de apoio ant\u00e1rtico.<\/p>\n<p>\u201cEssas iniciativas concorrem para o desenvolvimento cient\u00edfico, tecnol\u00f3gico, industrial e social, na medida em que gera emprego de qualidade para a popula\u00e7\u00e3o brasileira em diferentes polos de produ\u00e7\u00e3o\u201d, disse.<\/p>\n<p><span style=\"font-weight: 400;\">Fonte: Ag\u00eancia Brasil <\/span><\/p>\n","protected":false},"excerpt":{"rendered":"<p>O novo comandante da Marinha, almirante de Esquadra Marcos Sampaio Olsen, elogiou hoje (5), na transmiss\u00e3o de cargo, as orienta\u00e7\u00f5es iniciais do novo governo que, segundo ele, manifestou boa vontade para garantir o or\u00e7amento necess\u00e1rio para assegurar \u201ccapacidade e prontid\u00e3o operacional\u201d \u00e0 for\u00e7a militar que ser\u00e1 comandada por ele. \u201cExpresso aqui not\u00f3ria gratid\u00e3o ao presidente [&hellip;]<\/p>\n","protected":false},"author":246,"featured_media":208700,"comment_status":"closed","ping_status":"closed","sticky":false,"template":"","format":"standard","meta":{"footnotes":""},"categories":[436,254,439],"tags":[],"class_list":["post-208699","post","type-post","status-publish","format-standard","has-post-thumbnail","hentry","category-destaque-da-semana","category-politica","category-ultima-hora"],"_links":{"self":[{"href":"https:\/\/diarioregionaldigital.com.br\/index.php?rest_route=\/wp\/v2\/posts\/208699","targetHints":{"allow":["GET"]}}],"collection":[{"href":"https:\/\/diarioregionaldigital.com.br\/index.php?rest_route=\/wp\/v2\/posts"}],"about":[{"href":"https:\/\/diarioregionaldigital.com.br\/index.php?rest_route=\/wp\/v2\/types\/post"}],"author":[{"embeddable":true,"href":"https:\/\/diarioregionaldigital.com.br\/index.php?rest_route=\/wp\/v2\/users\/246"}],"replies":[{"embeddable":true,"href":"https:\/\/diarioregionaldigital.com.br\/index.php?rest_route=%2Fwp%2Fv2%2Fcomments&post=208699"}],"version-history":[{"count":1,"href":"https:\/\/diarioregionaldigital.com.br\/index.php?rest_route=\/wp\/v2\/posts\/208699\/revisions"}],"predecessor-version":[{"id":208701,"href":"https:\/\/diarioregionaldigital.com.br\/index.php?rest_route=\/wp\/v2\/posts\/208699\/revisions\/208701"}],"wp:featuredmedia":[{"embeddable":true,"href":"https:\/\/diarioregionaldigital.com.br\/index.php?rest_route=\/wp\/v2\/media\/208700"}],"wp:attachment":[{"href":"https:\/\/diarioregionaldigital.com.br\/index.php?rest_route=%2Fwp%2Fv2%2Fmedia&parent=208699"}],"wp:term":[{"taxonomy":"category","embeddable":true,"href":"https:\/\/diarioregionaldigital.com.br\/index.php?rest_route=%2Fwp%2Fv2%2Fcategories&post=208699"},{"taxonomy":"post_tag","embeddable":true,"href":"https:\/\/diarioregionaldigital.com.br\/index.php?rest_route=%2Fwp%2Fv2%2Ftags&post=208699"}],"curies":[{"name":"wp","href":"https:\/\/api.w.org\/{rel}","templated":true}]}}