{"id":208696,"date":"2023-01-05T21:07:24","date_gmt":"2023-01-06T00:07:24","guid":{"rendered":"https:\/\/diarioregionaldigital.com.br\/?p=208696"},"modified":"2023-01-05T21:07:24","modified_gmt":"2023-01-06T00:07:24","slug":"ministros-vao-manter-pastas-funcionando-no-mesmo-predio-da-esplanada","status":"publish","type":"post","link":"https:\/\/diarioregionaldigital.com.br\/?p=208696","title":{"rendered":"Ministros v\u00e3o manter pastas funcionando no mesmo pr\u00e9dio da Esplanada"},"content":{"rendered":"<div class=\"post-item-wrap\">\n<p>Os minist\u00e9rios da Agricultura e Pecu\u00e1ria; Pesca e Aquicultura; e do Desenvolvimento Agr\u00e1rio e Agricultura Familiar v\u00e3o funcionar no mesmo pr\u00e9dio na Esplanada dos Minist\u00e9rios, em Bras\u00edlia, onde ficava o Minist\u00e9rio da Agricultura, Pecu\u00e1ria e Abastecimento (Mapa), no bloco D.<img decoding=\"async\" src=\"https:\/\/agenciabrasil.ebc.com.br\/ebc.png?id=1502106&amp;o=node\" \/><img decoding=\"async\" src=\"https:\/\/agenciabrasil.ebc.com.br\/ebc.gif?id=1502106&amp;o=node\" \/><\/p>\n<p>A decis\u00e3o foi tomada nesta quarta-feira (4), ap\u00f3s reuni\u00e3o dos chefes de cada pasta, os ministros Carlos F\u00e1varo, Andr\u00e9 de Paula e Paulo Teixeira, respectivamente.<\/p>\n<p>Eles conclu\u00edram por manter os minist\u00e9rios no mesmo pr\u00e9dio para melhor funcionalidade e operacionalidade das equipes que atuam em \u00e1reas correlatas. Os espa\u00e7os e andares destinados a cada pasta foram definidos pelos ministros durante o encontro.<\/p>\n<p>&#8220;Cada um de n\u00f3s estar\u00e1 focado nas prioridades de sua pasta, mas sempre trabalhando em sintonia, buscando a transversalidade para o melhor desenvolvimento das a\u00e7\u00f5es. E essa proximidade entre as equipes \u00e9 muito salutar para um trabalho eficiente e alinhado nas diferentes esferas&#8221;, disse Carlos F\u00e1varo, ministro Agricultura e Pecu\u00e1ria.<\/p>\n<\/div>\n<p class=\"alt-font font-italic my-2 small text-info\">\n<span style=\"font-weight: 400;\">Fonte: Ag\u00eancia Brasil <\/span><\/p>\n","protected":false},"excerpt":{"rendered":"<p>Os minist\u00e9rios da Agricultura e Pecu\u00e1ria; Pesca e Aquicultura; e do Desenvolvimento Agr\u00e1rio e Agricultura Familiar v\u00e3o funcionar no mesmo pr\u00e9dio na Esplanada dos Minist\u00e9rios, em Bras\u00edlia, onde ficava o Minist\u00e9rio da Agricultura, Pecu\u00e1ria e Abastecimento (Mapa), no bloco D. A decis\u00e3o foi tomada nesta quarta-feira (4), ap\u00f3s reuni\u00e3o dos chefes de cada pasta, os [&hellip;]<\/p>\n","protected":false},"author":246,"featured_media":208697,"comment_status":"closed","ping_status":"closed","sticky":false,"template":"","format":"standard","meta":{"footnotes":""},"categories":[436,440,254,439],"tags":[],"class_list":["post-208696","post","type-post","status-publish","format-standard","has-post-thumbnail","hentry","category-destaque-da-semana","category-destaques-do-dia","category-politica","category-ultima-hora"],"_links":{"self":[{"href":"https:\/\/diarioregionaldigital.com.br\/index.php?rest_route=\/wp\/v2\/posts\/208696","targetHints":{"allow":["GET"]}}],"collection":[{"href":"https:\/\/diarioregionaldigital.com.br\/index.php?rest_route=\/wp\/v2\/posts"}],"about":[{"href":"https:\/\/diarioregionaldigital.com.br\/index.php?rest_route=\/wp\/v2\/types\/post"}],"author":[{"embeddable":true,"href":"https:\/\/diarioregionaldigital.com.br\/index.php?rest_route=\/wp\/v2\/users\/246"}],"replies":[{"embeddable":true,"href":"https:\/\/diarioregionaldigital.com.br\/index.php?rest_route=%2Fwp%2Fv2%2Fcomments&post=208696"}],"version-history":[{"count":1,"href":"https:\/\/diarioregionaldigital.com.br\/index.php?rest_route=\/wp\/v2\/posts\/208696\/revisions"}],"predecessor-version":[{"id":208698,"href":"https:\/\/diarioregionaldigital.com.br\/index.php?rest_route=\/wp\/v2\/posts\/208696\/revisions\/208698"}],"wp:featuredmedia":[{"embeddable":true,"href":"https:\/\/diarioregionaldigital.com.br\/index.php?rest_route=\/wp\/v2\/media\/208697"}],"wp:attachment":[{"href":"https:\/\/diarioregionaldigital.com.br\/index.php?rest_route=%2Fwp%2Fv2%2Fmedia&parent=208696"}],"wp:term":[{"taxonomy":"category","embeddable":true,"href":"https:\/\/diarioregionaldigital.com.br\/index.php?rest_route=%2Fwp%2Fv2%2Fcategories&post=208696"},{"taxonomy":"post_tag","embeddable":true,"href":"https:\/\/diarioregionaldigital.com.br\/index.php?rest_route=%2Fwp%2Fv2%2Ftags&post=208696"}],"curies":[{"name":"wp","href":"https:\/\/api.w.org\/{rel}","templated":true}]}}