{"id":208686,"date":"2023-01-05T21:00:20","date_gmt":"2023-01-06T00:00:20","guid":{"rendered":"https:\/\/diarioregionaldigital.com.br\/?p=208686"},"modified":"2023-01-05T21:00:20","modified_gmt":"2023-01-06T00:00:20","slug":"ministro-recua-de-ideia-de-fim-do-saque-aniversario-do-fgts","status":"publish","type":"post","link":"https:\/\/diarioregionaldigital.com.br\/?p=208686","title":{"rendered":"Ministro recua de ideia de fim do saque-anivers\u00e1rio do FGTS"},"content":{"rendered":"<p>Um dia ap\u00f3s lan\u00e7ar a possibilidade de extinguir o saque-anivers\u00e1rio do Fundo de Garantia do Tempo de Servi\u00e7o (FGTS), o ministro do Trabalho e Emprego, Luiz Marinho, voltou atr\u00e1s. Em postagem na rede social Twitter, ele escreveu que a modalidade de saque ser\u00e1 \u201cobjeto de amplo debate\u201d entre o Conselho Curador do FGTS e as centrais sindicais.<img decoding=\"async\" src=\"https:\/\/agenciabrasil.ebc.com.br\/ebc.png?id=1502162&amp;o=node\" \/><img decoding=\"async\" src=\"https:\/\/agenciabrasil.ebc.com.br\/ebc.gif?id=1502162&amp;o=node\" \/><\/p>\n<p>\u201cA nossa preocupa\u00e7\u00e3o \u00e9 com a prote\u00e7\u00e3o dos trabalhadores e trabalhadoras em caso de demiss\u00e3o e com a preserva\u00e7\u00e3o da sua poupan\u00e7a\u201d, escreveu o ministro.<\/p>\n<p>A primeira declara\u00e7\u00e3o sobre um eventual fim do saque-anivers\u00e1rio havia sido dada ontem (4) pelo ministro em entrevista ao jornal\u00a0<em>O Globo<\/em>. Em seguida, a pr\u00f3pria assessoria de imprensa do minist\u00e9rio confirmou a informa\u00e7\u00e3o de que a pasta pretendia encerrar a modalidade.<\/p>\n<p>&#8220;A manuten\u00e7\u00e3o ou n\u00e3o do saque-anivers\u00e1rio do FGTS ser\u00e1 objeto de amplo debate junto ao Conselho Curador do FGTS e com as centrais sindicais. A nossa preocupa\u00e7\u00e3o \u00e9 com a prote\u00e7\u00e3o dos trabalhadores e trabalhadoras em caso de demiss\u00e3o e com a preserva\u00e7\u00e3o da sua poupan\u00e7a&#8221;, postou o ministro no Twitter.<\/p>\n<p>Desde a entrada em vigor do saque-anivers\u00e1rio, em abril de 2020, 28 milh\u00f5es de trabalhadores aderiram a modalidade e retiraram R$ 34 bilh\u00f5es do FGTS. Em m\u00e9dia, R$ 12 bilh\u00f5es s\u00e3o retirados por ano.<\/p>\n<h2>Retiradas anuais<\/h2>\n<p>Por meio do saque-anivers\u00e1rio, o trabalhador pode retirar, a cada ano, uma parte do saldo de qualquer conta ativa ou inativa. O per\u00edodo de saques come\u00e7a no primeiro dia \u00fatil do m\u00eas de anivers\u00e1rio do trabalhador. Os valores ficam dispon\u00edveis at\u00e9 o \u00faltimo dia \u00fatil do segundo m\u00eas subsequente. Caso o dinheiro n\u00e3o seja retirado no prazo, volta para as contas do FGTS em nome do trabalhador.<\/p>\n<p>A ades\u00e3o ao saque-anivers\u00e1rio, no entanto, exige cuidado. Pelas regras atuais, ao retirar uma parcela do FGTS a cada ano, o trabalhador deixar\u00e1 de receber o valor depositado pela empresa caso seja demitido sem justa causa. O pagamento da multa de 40% nessas situa\u00e7\u00f5es est\u00e1 mantido.<\/p>\n<p>A qualquer momento, o trabalhador pode desistir do saque-anivers\u00e1rio e voltar para a modalidade tradicional, que s\u00f3 permite a retirada em casos especiais, como demiss\u00e3o sem justa causa, aposentadoria, doen\u00e7a grave ou compra de im\u00f3veis. No entanto, existe uma car\u00eancia na revers\u00e3o da modalidade.<\/p>\n<p>Ao voltar para o saque tradicional, o trabalhador ficar\u00e1 dois anos sem poder sacar o saldo da conta no FGTS, mesmo em caso de demiss\u00e3o. Se for dispensado, receber\u00e1 apenas a multa de 40%.<\/p>\n<p><span style=\"font-weight: 400;\">Fonte: Ag\u00eancia Brasil <\/span><\/p>\n","protected":false},"excerpt":{"rendered":"<p>Um dia ap\u00f3s lan\u00e7ar a possibilidade de extinguir o saque-anivers\u00e1rio do Fundo de Garantia do Tempo de Servi\u00e7o (FGTS), o ministro do Trabalho e Emprego, Luiz Marinho, voltou atr\u00e1s. Em postagem na rede social Twitter, ele escreveu que a modalidade de saque ser\u00e1 \u201cobjeto de amplo debate\u201d entre o Conselho Curador do FGTS e as [&hellip;]<\/p>\n","protected":false},"author":246,"featured_media":208687,"comment_status":"closed","ping_status":"closed","sticky":false,"template":"","format":"standard","meta":{"footnotes":""},"categories":[436,261,439],"tags":[],"class_list":["post-208686","post","type-post","status-publish","format-standard","has-post-thumbnail","hentry","category-destaque-da-semana","category-economia","category-ultima-hora"],"_links":{"self":[{"href":"https:\/\/diarioregionaldigital.com.br\/index.php?rest_route=\/wp\/v2\/posts\/208686","targetHints":{"allow":["GET"]}}],"collection":[{"href":"https:\/\/diarioregionaldigital.com.br\/index.php?rest_route=\/wp\/v2\/posts"}],"about":[{"href":"https:\/\/diarioregionaldigital.com.br\/index.php?rest_route=\/wp\/v2\/types\/post"}],"author":[{"embeddable":true,"href":"https:\/\/diarioregionaldigital.com.br\/index.php?rest_route=\/wp\/v2\/users\/246"}],"replies":[{"embeddable":true,"href":"https:\/\/diarioregionaldigital.com.br\/index.php?rest_route=%2Fwp%2Fv2%2Fcomments&post=208686"}],"version-history":[{"count":1,"href":"https:\/\/diarioregionaldigital.com.br\/index.php?rest_route=\/wp\/v2\/posts\/208686\/revisions"}],"predecessor-version":[{"id":208688,"href":"https:\/\/diarioregionaldigital.com.br\/index.php?rest_route=\/wp\/v2\/posts\/208686\/revisions\/208688"}],"wp:featuredmedia":[{"embeddable":true,"href":"https:\/\/diarioregionaldigital.com.br\/index.php?rest_route=\/wp\/v2\/media\/208687"}],"wp:attachment":[{"href":"https:\/\/diarioregionaldigital.com.br\/index.php?rest_route=%2Fwp%2Fv2%2Fmedia&parent=208686"}],"wp:term":[{"taxonomy":"category","embeddable":true,"href":"https:\/\/diarioregionaldigital.com.br\/index.php?rest_route=%2Fwp%2Fv2%2Fcategories&post=208686"},{"taxonomy":"post_tag","embeddable":true,"href":"https:\/\/diarioregionaldigital.com.br\/index.php?rest_route=%2Fwp%2Fv2%2Ftags&post=208686"}],"curies":[{"name":"wp","href":"https:\/\/api.w.org\/{rel}","templated":true}]}}