{"id":208683,"date":"2023-01-05T20:58:49","date_gmt":"2023-01-05T23:58:49","guid":{"rendered":"https:\/\/diarioregionaldigital.com.br\/?p=208683"},"modified":"2023-01-05T20:58:49","modified_gmt":"2023-01-05T23:58:49","slug":"dolar-cai-para-r-535-apos-governo-negar-revisao-de-reformas","status":"publish","type":"post","link":"https:\/\/diarioregionaldigital.com.br\/?p=208683","title":{"rendered":"D\u00f3lar cai para R$ 5,35 ap\u00f3s governo negar revis\u00e3o de reformas"},"content":{"rendered":"<p>Em um dia de al\u00edvio no mercado financeiro, o d\u00f3lar teve forte queda e fechou abaixo de R$ 5,40, ap\u00f3s declara\u00e7\u00f5es de ministros de que o governo atual n\u00e3o revisar\u00e1 reformas e medidas econ\u00f4micas tomadas na gest\u00e3o anterior. A bolsa de valores subiu mais de 2% e aproximou-se dos 108 mil pontos.<\/p>\n<p>O d\u00f3lar comercial encerrou esta quinta-feira (5) vendido a R$ 5,352, com recuo de R$ 0,10 (-1,85%). A cota\u00e7\u00e3o operou em baixa durante toda a sess\u00e3o, at\u00e9 fechar na m\u00ednima do dia.<\/p>\n<p>No mercado de a\u00e7\u00f5es, o dia foi marcado por ganhos. O \u00edndice Ibovespa, da B3, fechou aos 107.641 pontos, com alta de 2,19%. O indicador chegou a operar pr\u00f3ximo da estabilidade no in\u00edcio das negocia\u00e7\u00f5es, mas come\u00e7ou a disparar ainda durante a manh\u00e3.<\/p>\n<p>Os destaques foram as a\u00e7\u00f5es da Petrobras, as mais negociadas na bolsa. Os pap\u00e9is ordin\u00e1rios (com direito a voto em assembleia de acionistas) subiram 3,24%. As a\u00e7\u00f5es preferenciais (com prioridade na distribui\u00e7\u00e3o de dividendos) saltaram 3,6%.<\/p>\n<p>Os investidores continuaram reagindo a declara\u00e7\u00f5es de ontem (4) do ministro-chefe da Casa Civil, Rui Costa, de que uma eventual revis\u00e3o da reforma da Previd\u00eancia n\u00e3o est\u00e1 em estudo pelo governo. Al\u00e9m disso, o senador Jean Paul Prates (PT-RN) descartou uma pol\u00edtica de interven\u00e7\u00e3o direta no pre\u00e7o dos combust\u00edveis, o que ajudou as a\u00e7\u00f5es da Petrobras. No fim da tarde, o ministro do Trabalho, Luiz Marinho, recuou da ideia de extinguir o saque-anivers\u00e1rio do Fundo de Garantia do Tempo de Servi\u00e7o (FGTS).<\/p>\n<p>O mercado brasileiro agiu na contram\u00e3o do exterior, onde o d\u00f3lar subiu ap\u00f3s dados de emprego nos Estados Unidos. No m\u00eas passado, a maior economia do planeta criou mais postos de trabalho que o previsto, o que elevou o receio de que o Federal Reserve (Fed, Banco Central norte-americano) mantenha os juros altos mais tempo que o previsto. Taxas altas em economias avan\u00e7adas estimulam a fuga de capitais de pa\u00edses emergentes, como o Brasil.<\/p>\n<p><span style=\"font-weight: 400;\">Fonte: Ag\u00eancia Brasil <\/span><\/p>\n","protected":false},"excerpt":{"rendered":"<p>Em um dia de al\u00edvio no mercado financeiro, o d\u00f3lar teve forte queda e fechou abaixo de R$ 5,40, ap\u00f3s declara\u00e7\u00f5es de ministros de que o governo atual n\u00e3o revisar\u00e1 reformas e medidas econ\u00f4micas tomadas na gest\u00e3o anterior. A bolsa de valores subiu mais de 2% e aproximou-se dos 108 mil pontos. O d\u00f3lar comercial [&hellip;]<\/p>\n","protected":false},"author":246,"featured_media":208684,"comment_status":"closed","ping_status":"closed","sticky":false,"template":"","format":"standard","meta":{"footnotes":""},"categories":[436,440,261,439],"tags":[],"class_list":["post-208683","post","type-post","status-publish","format-standard","has-post-thumbnail","hentry","category-destaque-da-semana","category-destaques-do-dia","category-economia","category-ultima-hora"],"_links":{"self":[{"href":"https:\/\/diarioregionaldigital.com.br\/index.php?rest_route=\/wp\/v2\/posts\/208683","targetHints":{"allow":["GET"]}}],"collection":[{"href":"https:\/\/diarioregionaldigital.com.br\/index.php?rest_route=\/wp\/v2\/posts"}],"about":[{"href":"https:\/\/diarioregionaldigital.com.br\/index.php?rest_route=\/wp\/v2\/types\/post"}],"author":[{"embeddable":true,"href":"https:\/\/diarioregionaldigital.com.br\/index.php?rest_route=\/wp\/v2\/users\/246"}],"replies":[{"embeddable":true,"href":"https:\/\/diarioregionaldigital.com.br\/index.php?rest_route=%2Fwp%2Fv2%2Fcomments&post=208683"}],"version-history":[{"count":1,"href":"https:\/\/diarioregionaldigital.com.br\/index.php?rest_route=\/wp\/v2\/posts\/208683\/revisions"}],"predecessor-version":[{"id":208685,"href":"https:\/\/diarioregionaldigital.com.br\/index.php?rest_route=\/wp\/v2\/posts\/208683\/revisions\/208685"}],"wp:featuredmedia":[{"embeddable":true,"href":"https:\/\/diarioregionaldigital.com.br\/index.php?rest_route=\/wp\/v2\/media\/208684"}],"wp:attachment":[{"href":"https:\/\/diarioregionaldigital.com.br\/index.php?rest_route=%2Fwp%2Fv2%2Fmedia&parent=208683"}],"wp:term":[{"taxonomy":"category","embeddable":true,"href":"https:\/\/diarioregionaldigital.com.br\/index.php?rest_route=%2Fwp%2Fv2%2Fcategories&post=208683"},{"taxonomy":"post_tag","embeddable":true,"href":"https:\/\/diarioregionaldigital.com.br\/index.php?rest_route=%2Fwp%2Fv2%2Ftags&post=208683"}],"curies":[{"name":"wp","href":"https:\/\/api.w.org\/{rel}","templated":true}]}}