{"id":208677,"date":"2023-01-05T06:00:21","date_gmt":"2023-01-05T09:00:21","guid":{"rendered":"https:\/\/diarioregionaldigital.com.br\/?p=208677"},"modified":"2023-01-04T23:30:48","modified_gmt":"2023-01-05T02:30:48","slug":"palavras-comovem-testemunhos-arrastam-05-01-2023","status":"publish","type":"post","link":"https:\/\/diarioregionaldigital.com.br\/?p=208677","title":{"rendered":"Palavras Comovem Testemunhos Arrastam &#8211; 05\/01\/2023"},"content":{"rendered":"<p>Meu caro leitor \u00e9 com alegria que novamente estamos chegando at\u00e9 voc\u00ea para mais uma edi\u00e7\u00e3o de palavras comovem mas testemunhos arrastam. Bem sei de sua expectativa para ler os testemunhos aqui apresentados. Hoje teremos dois belos testemunhos\u00a0 vamos ao primeiro:<\/p>\n<p>testemunho para o dia 4 de janeiro: Bom dia Padre Erelis Obrigada por ter rezado pra eu engravidar gra\u00e7as as ora\u00e7\u00f5es do\u00a0 senhor e a intercess\u00e3o de S\u00e3o Judas Tadeu junto ao Divino Pai Eterno eu consegui realizar o meu sonho de ser m\u00e3e estou passando para lhe desejar um<\/p>\n<p>Feliz e aben\u00e7oado ano novo\u00a0 e dizer para o senhor que minha gratid\u00e3o ao senhor \u00e9 imensa.<\/p>\n<p>testemunho para o sia 4 de janeiro: Grande abra\u00e7o<\/p>\n<p>testemunho para o dia 4 de janeiro: Olha como minha princesa t\u00e1 linda<\/p>\n<p>testemunho para o dia 4 de janeiro: Ela se chama Maria. Louvado seja o nome de Jesus.<\/p>\n<p>Vamos ao segundo: Bom dia Padre Erelis<\/p>\n<p>Com o cora\u00e7\u00e3o \u00a0cheio de gratid\u00e3o, f\u00e9 e emo\u00e7\u00e3o venho agradecer as suas ora\u00e7\u00f5es. H\u00e1 um m\u00eas atr\u00e1s pedi ao Senhor que fizesse ora\u00e7\u00e3o\u00a0 na inten\u00e7\u00e3o da minha m\u00e3e\u00a0 que sofreu um acidente automobil\u00edstico hoje, ela est\u00e1\u00a0 se recuperando bem gra\u00e7as a Deus, ela \u00e9\u00a0 de muita f\u00e9. Padre Erelis muito obrigada\u00a0 pela for\u00e7a e poder de\u00a0 suas ora\u00e7\u00f5es. Agrade\u00e7o todas ora\u00e7\u00f5es e b\u00ean\u00e7\u00e3os recebidas. S\u00e3o Judas Tadeu de Jesus ap\u00f3stolo amado seja no c\u00e9u nosso advogado! Am\u00e9m !!<\/p>\n<p>Vejam como Deus age na\u00a0 vida das pessoas.<\/p>\n<p>Convido voc\u00ea para participar da missa\u00a0 de S\u00e3o Judas Tadeu das causas imposs\u00edveis clamando a miseric\u00f3rdia de Jesus por sa\u00fade e liberta\u00e7\u00e3o toda quarta feira a partir da\u00a0 \u00faltima quarta feira de janeiro \u00e0s 19 e 30 na Rodovi\u00e1ria ao lado da imagem de nossa senhora\u00a0 rosa m\u00edstica e do ter\u00e7o todos os dias\u00a0 \u00e0s 12; 15h; \u00e0s\u00a0 20e30h; \u00e0s 22h pelo Youtube e Facebook do santu\u00e1rio virtual S\u00e3o Judas Tadeu. svsaojudastadeu.com; \u00e0s 06h ; \u00e0s 10 e 23h pelo WhatsApp; Deixo o n\u00famero do meu celular para me ligarem quando precisar de uma ora\u00e7\u00e3o 988652609 se eu n\u00e3o atender na hora eu retornarei assim que eu ver a liga\u00e7\u00e3o.<\/p>\n","protected":false},"excerpt":{"rendered":"<p>Meu caro leitor \u00e9 com alegria que novamente estamos chegando at\u00e9 voc\u00ea para mais uma edi\u00e7\u00e3o de palavras comovem mas testemunhos arrastam. Bem sei de sua expectativa para ler os testemunhos aqui apresentados. Hoje teremos dois belos testemunhos\u00a0 vamos ao primeiro: testemunho para o dia 4 de janeiro: Bom dia Padre Erelis Obrigada por ter [&hellip;]<\/p>\n","protected":false},"author":96,"featured_media":0,"comment_status":"closed","ping_status":"closed","sticky":false,"template":"","format":"standard","meta":{"footnotes":""},"categories":[1245],"tags":[],"class_list":["post-208677","post","type-post","status-publish","format-standard","hentry","category-padre-erelis"],"_links":{"self":[{"href":"https:\/\/diarioregionaldigital.com.br\/index.php?rest_route=\/wp\/v2\/posts\/208677","targetHints":{"allow":["GET"]}}],"collection":[{"href":"https:\/\/diarioregionaldigital.com.br\/index.php?rest_route=\/wp\/v2\/posts"}],"about":[{"href":"https:\/\/diarioregionaldigital.com.br\/index.php?rest_route=\/wp\/v2\/types\/post"}],"author":[{"embeddable":true,"href":"https:\/\/diarioregionaldigital.com.br\/index.php?rest_route=\/wp\/v2\/users\/96"}],"replies":[{"embeddable":true,"href":"https:\/\/diarioregionaldigital.com.br\/index.php?rest_route=%2Fwp%2Fv2%2Fcomments&post=208677"}],"version-history":[{"count":1,"href":"https:\/\/diarioregionaldigital.com.br\/index.php?rest_route=\/wp\/v2\/posts\/208677\/revisions"}],"predecessor-version":[{"id":208678,"href":"https:\/\/diarioregionaldigital.com.br\/index.php?rest_route=\/wp\/v2\/posts\/208677\/revisions\/208678"}],"wp:attachment":[{"href":"https:\/\/diarioregionaldigital.com.br\/index.php?rest_route=%2Fwp%2Fv2%2Fmedia&parent=208677"}],"wp:term":[{"taxonomy":"category","embeddable":true,"href":"https:\/\/diarioregionaldigital.com.br\/index.php?rest_route=%2Fwp%2Fv2%2Fcategories&post=208677"},{"taxonomy":"post_tag","embeddable":true,"href":"https:\/\/diarioregionaldigital.com.br\/index.php?rest_route=%2Fwp%2Fv2%2Ftags&post=208677"}],"curies":[{"name":"wp","href":"https:\/\/api.w.org\/{rel}","templated":true}]}}