{"id":208671,"date":"2023-01-04T18:41:44","date_gmt":"2023-01-04T21:41:44","guid":{"rendered":"https:\/\/diarioregionaldigital.com.br\/?p=208671"},"modified":"2023-01-04T18:41:44","modified_gmt":"2023-01-04T21:41:44","slug":"pjf-da-inicio-a-pavimentacao-da-rua-maria-aparecida-martins","status":"publish","type":"post","link":"https:\/\/diarioregionaldigital.com.br\/?p=208671","title":{"rendered":"PJF d\u00e1 in\u00edcio \u00e0 pavimenta\u00e7\u00e3o da Rua Maria Aparecida Martins"},"content":{"rendered":"<p>Segundo informa\u00e7\u00f5es do site da Prefeitura de Juiz de Fora (PJF), na primeira semana do ano, boas not\u00edcias para a popula\u00e7\u00e3o, principalmente para os moradores da zona sul. Nesta quarta-feira, 4, a Prefeitura de Juiz de Fora (PJF) deu sequ\u00eancia \u00e0 limpeza que antecede a pavimenta\u00e7\u00e3o da Rua Maria Aparecida Martins, no bairro Vale Verde.<\/p>\n<div id=\"box_texto_noticia\">\n<p>Demanda antiga e pauta recorrente entre as solicita\u00e7\u00f5es dos moradores do Ipiranga e regi\u00e3o, a rua \u00e9 uma importante via de liga\u00e7\u00e3o entre diversos bairros, principalmente o Vale Verde e o Arco-\u00cdris.<\/p>\n<p>A nova pavimenta\u00e7\u00e3o ser\u00e1 aplicada em uma \u00e1rea total de 3362 m2, contemplando os 617 metros de extens\u00e3o da via. A previs\u00e3o \u00e9 que sejam aplicadas cerca de 770 toneladas de massa asf\u00e1ltica.<\/p>\n<p>A interven\u00e7\u00e3o, al\u00e9m facilitar o deslocamento da popula\u00e7\u00e3o, trar\u00e1 mais conforto e seguran\u00e7a para pedestres e motoristas que transitam pela via. Os trabalhos na Rua Maria Aparecida Martins devem ser conclu\u00eddos ainda na primeira quinzena de janeiro.<\/p>\n<p><strong>Sequ\u00eancia do recapeamento no Cascatinha<\/strong><\/p>\n<p>Tamb\u00e9m nesta quarta, 4, equipes da Empresa Municipal de Pavimenta\u00e7\u00e3o e Urbanidades (Empav) deram sequ\u00eancia ao recapeamento na Avenida Dr. Paulo Japiassu Coelho. Localizada no bairro Cascatinha, a avenida tamb\u00e9m \u00e9 uma importante e movimentada via da cidade, j\u00e1 que d\u00e1 acesso a outras vias arteriais de Juiz de Fora, como a Presidente Itamar Franco e Deusdedith Salgado.<\/p>\n<p>A previs\u00e3o \u00e9 que os trabalhos por l\u00e1 sejam conclu\u00eddos at\u00e9 a pr\u00f3xima segunda-feira e que, ap\u00f3s as obras, a popula\u00e7\u00e3o desfrute de um tr\u00e1fego mais c\u00e9lere e seguro.<\/p>\n<\/div>\n<p>&nbsp;<\/p>\n","protected":false},"excerpt":{"rendered":"<p>Segundo informa\u00e7\u00f5es do site da Prefeitura de Juiz de Fora (PJF), na primeira semana do ano, boas not\u00edcias para a popula\u00e7\u00e3o, principalmente para os moradores da zona sul. Nesta quarta-feira, 4, a Prefeitura de Juiz de Fora (PJF) deu sequ\u00eancia \u00e0 limpeza que antecede a pavimenta\u00e7\u00e3o da Rua Maria Aparecida Martins, no bairro Vale Verde. [&hellip;]<\/p>\n","protected":false},"author":246,"featured_media":208672,"comment_status":"closed","ping_status":"closed","sticky":false,"template":"","format":"standard","meta":{"footnotes":""},"categories":[253,436,439],"tags":[],"class_list":["post-208671","post","type-post","status-publish","format-standard","has-post-thumbnail","hentry","category-cidade","category-destaque-da-semana","category-ultima-hora"],"_links":{"self":[{"href":"https:\/\/diarioregionaldigital.com.br\/index.php?rest_route=\/wp\/v2\/posts\/208671","targetHints":{"allow":["GET"]}}],"collection":[{"href":"https:\/\/diarioregionaldigital.com.br\/index.php?rest_route=\/wp\/v2\/posts"}],"about":[{"href":"https:\/\/diarioregionaldigital.com.br\/index.php?rest_route=\/wp\/v2\/types\/post"}],"author":[{"embeddable":true,"href":"https:\/\/diarioregionaldigital.com.br\/index.php?rest_route=\/wp\/v2\/users\/246"}],"replies":[{"embeddable":true,"href":"https:\/\/diarioregionaldigital.com.br\/index.php?rest_route=%2Fwp%2Fv2%2Fcomments&post=208671"}],"version-history":[{"count":1,"href":"https:\/\/diarioregionaldigital.com.br\/index.php?rest_route=\/wp\/v2\/posts\/208671\/revisions"}],"predecessor-version":[{"id":208673,"href":"https:\/\/diarioregionaldigital.com.br\/index.php?rest_route=\/wp\/v2\/posts\/208671\/revisions\/208673"}],"wp:featuredmedia":[{"embeddable":true,"href":"https:\/\/diarioregionaldigital.com.br\/index.php?rest_route=\/wp\/v2\/media\/208672"}],"wp:attachment":[{"href":"https:\/\/diarioregionaldigital.com.br\/index.php?rest_route=%2Fwp%2Fv2%2Fmedia&parent=208671"}],"wp:term":[{"taxonomy":"category","embeddable":true,"href":"https:\/\/diarioregionaldigital.com.br\/index.php?rest_route=%2Fwp%2Fv2%2Fcategories&post=208671"},{"taxonomy":"post_tag","embeddable":true,"href":"https:\/\/diarioregionaldigital.com.br\/index.php?rest_route=%2Fwp%2Fv2%2Ftags&post=208671"}],"curies":[{"name":"wp","href":"https:\/\/api.w.org\/{rel}","templated":true}]}}