{"id":208668,"date":"2023-01-04T18:38:35","date_gmt":"2023-01-04T21:38:35","guid":{"rendered":"https:\/\/diarioregionaldigital.com.br\/?p=208668"},"modified":"2023-01-04T18:38:35","modified_gmt":"2023-01-04T21:38:35","slug":"vagou-jf-da-pjf-tem-vagas-abertas-para-tecnico-de-servicos-i-e-outras-oportunidades","status":"publish","type":"post","link":"https:\/\/diarioregionaldigital.com.br\/?p=208668","title":{"rendered":"&#8220;Vagou JF&#8221; da PJF tem vagas abertas para t\u00e9cnico de servi\u00e7os I e outras oportunidades"},"content":{"rendered":"<p>Segundo informa\u00e7\u00f5es do site da Prefeitura de Juiz de Fora (PJF), o painel de oportunidades de emprego da Prefeitura de Juiz de Fora (PJF), o \u201cVagou, Juiz de Fora\u201d, tem novas vagas ofertadas. Ao todo, s\u00e3o mais de 728 oportunidades de emprego e est\u00e1gio com processos seletivos abertos na cidade, mais cadastros reserva. Para conferir as formas de se candidatar, o interessado deve acessar o site do projeto. Na p\u00e1gina, o candidato encontra informa\u00e7\u00f5es sobre vagas, dicas para preenchimento e modelo de curr\u00edculo, que pode auxiliar no momento da contrata\u00e7\u00e3o.<\/p>\n<p><strong>Veja as vagas anunciadas nest<\/strong><strong>a quarta<\/strong><strong>-feira, 4 de janeiro<\/strong><br \/>\nAtendente de loja de conveni\u00eancia (Noturno) (1)<br \/>\nBalconista (1)<br \/>\nPolidor (1)<br \/>\nAuxiliar cont\u00e1bil (1)<br \/>\nBalconista (1)<br \/>\nAuxiliar de produ\u00e7\u00e3o (3)<br \/>\nEst\u00e1gio em engenharia el\u00e9trica (1)<br \/>\nCozinheiro (1)<br \/>\nAjudante de cozinha (1)<br \/>\nT\u00e9cnico de servi\u00e7os I (4)<br \/>\nCozinheira (1)<\/p>\n<div>\n<p>As empresas e pessoas f\u00edsicas interessadas em anunciar oportunidades devem responder ao formul\u00e1rio dispon\u00edvel no &#8220;<a href=\"https:\/\/www.pjf.mg.gov.br\/vagoujf\/\"><strong>Vagou JF<\/strong><\/a>\u201d. As vagas ser\u00e3o divulgadas nos canais da Prefeitura de Juiz de Fora (PJF).<\/p>\n<\/div>\n","protected":false},"excerpt":{"rendered":"<p>Segundo informa\u00e7\u00f5es do site da Prefeitura de Juiz de Fora (PJF), o painel de oportunidades de emprego da Prefeitura de Juiz de Fora (PJF), o \u201cVagou, Juiz de Fora\u201d, tem novas vagas ofertadas. Ao todo, s\u00e3o mais de 728 oportunidades de emprego e est\u00e1gio com processos seletivos abertos na cidade, mais cadastros reserva. Para conferir [&hellip;]<\/p>\n","protected":false},"author":246,"featured_media":208669,"comment_status":"closed","ping_status":"closed","sticky":false,"template":"","format":"standard","meta":{"footnotes":""},"categories":[253,436,439],"tags":[],"class_list":["post-208668","post","type-post","status-publish","format-standard","has-post-thumbnail","hentry","category-cidade","category-destaque-da-semana","category-ultima-hora"],"_links":{"self":[{"href":"https:\/\/diarioregionaldigital.com.br\/index.php?rest_route=\/wp\/v2\/posts\/208668","targetHints":{"allow":["GET"]}}],"collection":[{"href":"https:\/\/diarioregionaldigital.com.br\/index.php?rest_route=\/wp\/v2\/posts"}],"about":[{"href":"https:\/\/diarioregionaldigital.com.br\/index.php?rest_route=\/wp\/v2\/types\/post"}],"author":[{"embeddable":true,"href":"https:\/\/diarioregionaldigital.com.br\/index.php?rest_route=\/wp\/v2\/users\/246"}],"replies":[{"embeddable":true,"href":"https:\/\/diarioregionaldigital.com.br\/index.php?rest_route=%2Fwp%2Fv2%2Fcomments&post=208668"}],"version-history":[{"count":1,"href":"https:\/\/diarioregionaldigital.com.br\/index.php?rest_route=\/wp\/v2\/posts\/208668\/revisions"}],"predecessor-version":[{"id":208670,"href":"https:\/\/diarioregionaldigital.com.br\/index.php?rest_route=\/wp\/v2\/posts\/208668\/revisions\/208670"}],"wp:featuredmedia":[{"embeddable":true,"href":"https:\/\/diarioregionaldigital.com.br\/index.php?rest_route=\/wp\/v2\/media\/208669"}],"wp:attachment":[{"href":"https:\/\/diarioregionaldigital.com.br\/index.php?rest_route=%2Fwp%2Fv2%2Fmedia&parent=208668"}],"wp:term":[{"taxonomy":"category","embeddable":true,"href":"https:\/\/diarioregionaldigital.com.br\/index.php?rest_route=%2Fwp%2Fv2%2Fcategories&post=208668"},{"taxonomy":"post_tag","embeddable":true,"href":"https:\/\/diarioregionaldigital.com.br\/index.php?rest_route=%2Fwp%2Fv2%2Ftags&post=208668"}],"curies":[{"name":"wp","href":"https:\/\/api.w.org\/{rel}","templated":true}]}}