{"id":208665,"date":"2023-01-04T18:36:45","date_gmt":"2023-01-04T21:36:45","guid":{"rendered":"https:\/\/diarioregionaldigital.com.br\/?p=208665"},"modified":"2023-01-04T18:36:45","modified_gmt":"2023-01-04T21:36:45","slug":"prefeitura-realiza-nova-operacao-para-recolher-veiculos-abandonados","status":"publish","type":"post","link":"https:\/\/diarioregionaldigital.com.br\/?p=208665","title":{"rendered":"Prefeitura realiza nova opera\u00e7\u00e3o para recolher ve\u00edculos abandonados"},"content":{"rendered":"<p>Segundo informa\u00e7\u00f5es do site da Prefeitura de Juiz de Fora (PJF), a PJF est\u00e1 realizando opera\u00e7\u00e3o conjunta com a Pol\u00edcia Militar (PMMG) para recolhimento de ve\u00edculos abandonados em vias p\u00fablicas. Desde novembro, 24 carros foram recolhidos. O trabalho visa garantir mais mobilidade no tr\u00e2nsito e seguran\u00e7a para os moradores da cidade.<\/p>\n<p>A a\u00e7\u00e3o \u00e9 realizada pelos fiscais de posturas da Secretaria de Sustentabilidade em Meio Ambiente e Atividades Urbanas (Sesmaur), e pelos agentes de tr\u00e2nsito da Secretaria de Mobilidade Urbana(SMU). O tr\u00e2mite para apreens\u00e3o do ve\u00edculo passa por notifica\u00e7\u00e3o do propriet\u00e1rio, autua\u00e7\u00e3o e, em caso de perman\u00eancia em situa\u00e7\u00e3o irregular, remo\u00e7\u00e3o e envio ao dep\u00f3sito. Ap\u00f3s tr\u00eas dias parado, sem estar em condi\u00e7\u00f5es de circula\u00e7\u00e3o em via p\u00fablica, o ve\u00edculo pode ser considerado em estado de abandono, e o propriet\u00e1rio poder\u00e1 ser autuado por infra\u00e7\u00e3o prevista na Lei Municipal, com multa no valor de R$ 876,92.<\/p>\n<p>Depois de recolhido o ve\u00edculo, o propriet\u00e1rio deve arcar com os custos de remo\u00e7\u00e3o e despesas do dep\u00f3sito, para reaver o autom\u00f3vel. No caso de ve\u00edculos sem placa, a identifica\u00e7\u00e3o do propriet\u00e1rio \u00e9 realizada atrav\u00e9s do chassi.<\/p>\n","protected":false},"excerpt":{"rendered":"<p>Segundo informa\u00e7\u00f5es do site da Prefeitura de Juiz de Fora (PJF), a PJF est\u00e1 realizando opera\u00e7\u00e3o conjunta com a Pol\u00edcia Militar (PMMG) para recolhimento de ve\u00edculos abandonados em vias p\u00fablicas. Desde novembro, 24 carros foram recolhidos. O trabalho visa garantir mais mobilidade no tr\u00e2nsito e seguran\u00e7a para os moradores da cidade. A a\u00e7\u00e3o \u00e9 realizada [&hellip;]<\/p>\n","protected":false},"author":246,"featured_media":208666,"comment_status":"closed","ping_status":"closed","sticky":false,"template":"","format":"standard","meta":{"footnotes":""},"categories":[253,436,439],"tags":[],"class_list":["post-208665","post","type-post","status-publish","format-standard","has-post-thumbnail","hentry","category-cidade","category-destaque-da-semana","category-ultima-hora"],"_links":{"self":[{"href":"https:\/\/diarioregionaldigital.com.br\/index.php?rest_route=\/wp\/v2\/posts\/208665","targetHints":{"allow":["GET"]}}],"collection":[{"href":"https:\/\/diarioregionaldigital.com.br\/index.php?rest_route=\/wp\/v2\/posts"}],"about":[{"href":"https:\/\/diarioregionaldigital.com.br\/index.php?rest_route=\/wp\/v2\/types\/post"}],"author":[{"embeddable":true,"href":"https:\/\/diarioregionaldigital.com.br\/index.php?rest_route=\/wp\/v2\/users\/246"}],"replies":[{"embeddable":true,"href":"https:\/\/diarioregionaldigital.com.br\/index.php?rest_route=%2Fwp%2Fv2%2Fcomments&post=208665"}],"version-history":[{"count":1,"href":"https:\/\/diarioregionaldigital.com.br\/index.php?rest_route=\/wp\/v2\/posts\/208665\/revisions"}],"predecessor-version":[{"id":208667,"href":"https:\/\/diarioregionaldigital.com.br\/index.php?rest_route=\/wp\/v2\/posts\/208665\/revisions\/208667"}],"wp:featuredmedia":[{"embeddable":true,"href":"https:\/\/diarioregionaldigital.com.br\/index.php?rest_route=\/wp\/v2\/media\/208666"}],"wp:attachment":[{"href":"https:\/\/diarioregionaldigital.com.br\/index.php?rest_route=%2Fwp%2Fv2%2Fmedia&parent=208665"}],"wp:term":[{"taxonomy":"category","embeddable":true,"href":"https:\/\/diarioregionaldigital.com.br\/index.php?rest_route=%2Fwp%2Fv2%2Fcategories&post=208665"},{"taxonomy":"post_tag","embeddable":true,"href":"https:\/\/diarioregionaldigital.com.br\/index.php?rest_route=%2Fwp%2Fv2%2Ftags&post=208665"}],"curies":[{"name":"wp","href":"https:\/\/api.w.org\/{rel}","templated":true}]}}