{"id":208662,"date":"2023-01-04T18:34:38","date_gmt":"2023-01-04T21:34:38","guid":{"rendered":"https:\/\/diarioregionaldigital.com.br\/?p=208662"},"modified":"2023-01-04T18:34:38","modified_gmt":"2023-01-04T21:34:38","slug":"pjf-oferece-cem-vagas-gratuitas-na-colonia-de-ferias-da-praca-ceu","status":"publish","type":"post","link":"https:\/\/diarioregionaldigital.com.br\/?p=208662","title":{"rendered":"PJF oferece cem vagas gratuitas na col\u00f4nia de f\u00e9rias da Pra\u00e7a CEU"},"content":{"rendered":"<p>Segundo informa\u00e7\u00f5es do site da Prefeitura de Juiz de Fora (PJF), ter\u00e3o in\u00edcio na pr\u00f3xima ter\u00e7a-feira, 10, as inscri\u00e7\u00f5es para a 9\u00aa Col\u00f4nia de F\u00e9rias da Pra\u00e7a CEU, voltada para crian\u00e7as e adolescentes de 6 a 14 anos. A participa\u00e7\u00e3o \u00e9 aberta a todos os interessados, sem necessidade de estar matriculado nas oficinas regulares da pra\u00e7a. A atividade \u00e9 gratuita e ser\u00e3o oferecidas duas turmas, cada uma com 50 vagas, a serem preenchidas por ordem de inscri\u00e7\u00e3o.<\/p>\n<p>&#8211; Turma 1 &#8211; 16 a 20 de janeiro, das 8h \u00e0s 11h<\/p>\n<p>&#8211; Turma 2 &#8211; 23 a 27 de janeiro, das 13h \u00e0s 16h<\/p>\n<p>As inscri\u00e7\u00f5es devem ser formalizadas presencialmente na secretaria do equipamento urbano, localizada na Av. Juscelino Kubitschek, 5.899 \u2013 Benfica, com atendimento de ter\u00e7a a sexta-feira, das 8h \u00e0s 19h. O respons\u00e1vel pela crian\u00e7a ou adolescente precisa apresentar documento de identifica\u00e7\u00e3o pessoal e assinar o termo de autoriza\u00e7\u00e3o para passeios externos e para atividades que envolvam \u00e1gua.<\/p>\n<p>Entre as atividades j\u00e1 confirmadas na 9\u00aa Col\u00f4nia de F\u00e9rias do CEU est\u00e3o amistosos de futsal, jogos de basquete e queimada. Os participantes tamb\u00e9m ter\u00e3o aul\u00f5es de dan\u00e7a e recrea\u00e7\u00e3o com pintura. Uma edi\u00e7\u00e3o especial do projeto \u201cCine CEU\u201d foi programada, al\u00e9m de um passeio externo.<\/p>\n<p>A Pra\u00e7a CEU \u00e9 mantida pela Prefeitura de Juiz de Fora (PJF) e gerida pela Funda\u00e7\u00e3o Cultural Alfredo Ferreira Lage (Funalfa). Os servi\u00e7os s\u00e3o prestados por meio da Associa\u00e7\u00e3o Cultural Arte e Vida (Acav).<\/p>\n","protected":false},"excerpt":{"rendered":"<p>Segundo informa\u00e7\u00f5es do site da Prefeitura de Juiz de Fora (PJF), ter\u00e3o in\u00edcio na pr\u00f3xima ter\u00e7a-feira, 10, as inscri\u00e7\u00f5es para a 9\u00aa Col\u00f4nia de F\u00e9rias da Pra\u00e7a CEU, voltada para crian\u00e7as e adolescentes de 6 a 14 anos. A participa\u00e7\u00e3o \u00e9 aberta a todos os interessados, sem necessidade de estar matriculado nas oficinas regulares da [&hellip;]<\/p>\n","protected":false},"author":246,"featured_media":208663,"comment_status":"closed","ping_status":"closed","sticky":false,"template":"","format":"standard","meta":{"footnotes":""},"categories":[253,436,440,439],"tags":[],"class_list":["post-208662","post","type-post","status-publish","format-standard","has-post-thumbnail","hentry","category-cidade","category-destaque-da-semana","category-destaques-do-dia","category-ultima-hora"],"_links":{"self":[{"href":"https:\/\/diarioregionaldigital.com.br\/index.php?rest_route=\/wp\/v2\/posts\/208662","targetHints":{"allow":["GET"]}}],"collection":[{"href":"https:\/\/diarioregionaldigital.com.br\/index.php?rest_route=\/wp\/v2\/posts"}],"about":[{"href":"https:\/\/diarioregionaldigital.com.br\/index.php?rest_route=\/wp\/v2\/types\/post"}],"author":[{"embeddable":true,"href":"https:\/\/diarioregionaldigital.com.br\/index.php?rest_route=\/wp\/v2\/users\/246"}],"replies":[{"embeddable":true,"href":"https:\/\/diarioregionaldigital.com.br\/index.php?rest_route=%2Fwp%2Fv2%2Fcomments&post=208662"}],"version-history":[{"count":1,"href":"https:\/\/diarioregionaldigital.com.br\/index.php?rest_route=\/wp\/v2\/posts\/208662\/revisions"}],"predecessor-version":[{"id":208664,"href":"https:\/\/diarioregionaldigital.com.br\/index.php?rest_route=\/wp\/v2\/posts\/208662\/revisions\/208664"}],"wp:featuredmedia":[{"embeddable":true,"href":"https:\/\/diarioregionaldigital.com.br\/index.php?rest_route=\/wp\/v2\/media\/208663"}],"wp:attachment":[{"href":"https:\/\/diarioregionaldigital.com.br\/index.php?rest_route=%2Fwp%2Fv2%2Fmedia&parent=208662"}],"wp:term":[{"taxonomy":"category","embeddable":true,"href":"https:\/\/diarioregionaldigital.com.br\/index.php?rest_route=%2Fwp%2Fv2%2Fcategories&post=208662"},{"taxonomy":"post_tag","embeddable":true,"href":"https:\/\/diarioregionaldigital.com.br\/index.php?rest_route=%2Fwp%2Fv2%2Ftags&post=208662"}],"curies":[{"name":"wp","href":"https:\/\/api.w.org\/{rel}","templated":true}]}}