{"id":208653,"date":"2023-01-04T18:28:22","date_gmt":"2023-01-04T21:28:22","guid":{"rendered":"https:\/\/diarioregionaldigital.com.br\/?p=208653"},"modified":"2023-01-04T18:28:22","modified_gmt":"2023-01-04T21:28:22","slug":"a-importancia-de-pele-no-movimento-paralimpico-brasileiro","status":"publish","type":"post","link":"https:\/\/diarioregionaldigital.com.br\/?p=208653","title":{"rendered":"A import\u00e2ncia de Pel\u00e9 no movimento paral\u00edmpico brasileiro"},"content":{"rendered":"<p>A ex-jogadora de v\u00f4lei Ana Moser, que recebeu hoje (4) o cargo de\u00a0<a href=\"https:\/\/agenciabrasil.ebc.com.br\/esportes\/noticia\/2023-01\/ministra-diz-que-esporte-sera-elo-entre-povo-e-politicas-sociais\" target=\"_blank\" rel=\"noopener\">ministra do Esporte<\/a>, \u00e9 a primeira atleta titular da pasta, desde Edson Arantes do Nascimento. L\u00e1 se v\u00e3o 25 anos desde que Pel\u00e9 \u2013 que morreu h\u00e1 uma semana e foi\u00a0<a href=\"https:\/\/agenciabrasil.ebc.com.br\/esportes\/noticia\/2023-01\/corpo-de-pele-e-sepultado-no-memorial-necropole-ecumenica\" target=\"_top\" rel=\"noopener\">sepultado ontem<\/a>\u00a0(3) em Santos (SP) \u2013, deixou o cargo que ocupou por tr\u00eas anos e cinco meses no primeiro governo de Fernando Henrique Cardoso. Na fun\u00e7\u00e3o, o Rei do Futebol teve papel relevante na hist\u00f3ria do movimento paradesportivo no Brasil.<img decoding=\"async\" src=\"https:\/\/agenciabrasil.ebc.com.br\/ebc.png?id=1501917&amp;o=node\" \/><img decoding=\"async\" src=\"https:\/\/agenciabrasil.ebc.com.br\/ebc.gif?id=1501917&amp;o=node\" \/><\/p>\n<p>Tricampe\u00e3o mundial pela sele\u00e7\u00e3o e maior jogador de todos os tempos, Pel\u00e9 foi ministro do Esporte entre janeiro de 1995 e maio de 1998. Em 25 de mar\u00e7o do \u00faltimo ano \u00e0 frente do cargo,\u00a0foi\u00a0<a href=\"https:\/\/www.planalto.gov.br\/ccivil_03\/leis\/l9615consol.htm\" target=\"_blank\" rel=\"noopener\">sancionada a\u00a0Lei 9.615<\/a>, que ficou notabilizada, principalmente, pelo futebol, ao possibilitar que o atleta deixasse o clube ap\u00f3s o t\u00e9rmino do v\u00ednculo contratual. Antes, isso s\u00f3 ocorria mediante pagamento, que ficou conhecido como passe. Ocorre que a norma, que ganhou o nome de Lei Pel\u00e9, tamb\u00e9m incluiu o Comit\u00ea Paral\u00edmpico Brasileiro (CPB) no Sistema Nacional do Desporto.<\/p>\n<div class=\"dnd-widget-wrapper context-grande_6colunas type-image atom-align-left\">\n<div class=\"dnd-atom-rendered\">\n<div class=\"shadow overflow-hidden rounded-lg d-block zoom-on-hover-sm shadow-hover w-100\"><img decoding=\"async\" class=\"flex-fill img-cover\" title=\"Arquivo pessoal\/Jo\u00e3o Batista Carvalho e Silva\" src=\"https:\/\/imagens.ebc.com.br\/37RAITtckKu-WPwNIAnw8A0BAGg=\/463x0\/smart\/https:\/\/agenciabrasil.ebc.com.br\/sites\/default\/files\/thumbnails\/image\/photo-2022-12-29-20-43-27_1.jpg?itok=6wAX1qnZ\" alt=\"A import\u00e2ncia de Pel\u00e9 no movimento paral\u00edmpico brasileiro\" \/><\/div>\n<\/div>\n<div class=\"dnd-caption-wrapper\">\n<h6 class=\"meta\">Pel\u00e9 e Jo\u00e3o Batista Carvalho e Silva &#8211;\u00a0<strong>Arquivo pessoal\/Jo\u00e3o Batista Carvalho e Silva<\/strong><\/h6>\n<\/div>\n<\/div>\n<p>&#8220;Foi um reconhecimento ao esporte de pessoas com defici\u00eancia, o que abriu as portas depois para [inclus\u00e3o na] Lei Agnelo Piva, de 2001, que distribui recursos de loterias federais a entidades desportivas, e outras tantas que beneficiaram o paradesporto&#8221;, destacou o presidente do Comit\u00ea Brasileiro de Clubes Paral\u00edmpicos (CBCP), Jo\u00e3o Batista Carvalho e Silva, \u00e0\u00a0<strong>Ag\u00eancia Brasil<\/strong>.<\/p>\n<p>O CPB foi fundado em 9 de fevereiro de 1995 e Jo\u00e3o Batista era justamente o presidente da entidade na ocasi\u00e3o em que Pel\u00e9 era ministro dos Esportes. Conforme o dirigente do CBCP, o Rei do Futebol ajudou o movimento paradesportivo brasileiro a ganhar proje\u00e7\u00e3o nacional.<\/p>\n<p>&#8220;Na primeira audi\u00eancia que tive com Pel\u00e9, pedi a ele que nos emprestasse sua imagem para que se virasse uma p\u00e1gina do esporte de pessoas com defici\u00eancia no Brasil, que existia desde 1958 e poucas pessoas sabiam o que era. Ele disse que nos ajudaria de todas as maneiras que pudesse. Foi o que fez. Pel\u00e9 nos aproximou de patrocinadores, artistas, meios de comunica\u00e7\u00e3o. N\u00e3o foi \u00e0 Olimp\u00edada de Atlanta [Estados Unidos], em 1996, mas esteve conosco naquela Paralimp\u00edada&#8221;, recordou.<\/p>\n<p>Uma das integrantes da delega\u00e7\u00e3o em Atlanta foi \u00c1dria Santos, dona de 13 medalhas paral\u00edmpicas na carreira, sendo quatro de ouro. Naquela edi\u00e7\u00e3o, a velocista da classe T11 (cego total) foi ao p\u00f3dio nos 100, 200 e 400 metros,\u00a0sendo\u00a0prata nas tr\u00eas disputas. Ela guarda, com carinho, a foto justamente desta \u00faltima prova, em que est\u00e1\u00a0ao lado do guia G\u00e9rson Knittel e tem o bra\u00e7o erguido por Pel\u00e9.<\/p>\n<div class=\"dnd-widget-wrapper context-cheio_8colunas type-image\">\n<div class=\"dnd-atom-rendered\">\n<div class=\"shadow overflow-hidden rounded-lg d-block zoom-on-hover-sm shadow-hover w-100\"><img decoding=\"async\" class=\"flex-fill img-cover\" title=\"Arquivo pessoal\/Jo\u00e3o Batista Carvalho e Silva\" src=\"https:\/\/imagens.ebc.com.br\/wPqCCk3QcE2sXIqIndpSiD2yUAM=\/754x0\/smart\/https:\/\/agenciabrasil.ebc.com.br\/sites\/default\/files\/thumbnails\/image\/photo-2023-01-02-12-31-02.jpg?itok=0haZMi0f\" alt=\"A import\u00e2ncia de Pel\u00e9 no movimento paral\u00edmpico brasileiro\" \/><\/div>\n<\/div>\n<div class=\"dnd-caption-wrapper\">\n<h6 class=\"meta\">O ent\u00e3o ministro do Esporte Pel\u00e9 ergue os bra\u00e7os da\u00a0multicampe\u00e3 do atletismo \u00c1dria Santos e o guia dela, G\u00e9rson Knittel, nos Jogos Paral\u00edmpicos de Atlanta 1996 &#8211;\u00a0<strong>Arquivo pessoal\/Jo\u00e3o Batista Carvalho e Silva<\/strong><\/h6>\n<\/div>\n<\/div>\n<p>&#8220;Ele pulou o alambrado para me cumprimentar. Foi incr\u00edvel, n\u00e3o s\u00f3 por conhecer pessoalmente o Pel\u00e9, mas por ser um momento t\u00e3o especial para mim, competindo [em uma Paralimp\u00edada], saber que ele estava me assistindo, admirando meu resultado,\u00a0receber esse abra\u00e7o carinhoso. Quando ele nos cumprimentou e viramos para o p\u00fablico, todos o reconheceram e come\u00e7aram a aplaudir&#8221;, contou \u00c1dria.<\/p>\n<p>Pel\u00e9\u00a0<a href=\"https:\/\/agenciabrasil.ebc.com.br\/esportes\/noticia\/2023-01\/fas-resgatam-memorias-de-pele-em-ultima-homenagem-ao-rei-do-futebol\" target=\"_blank\" rel=\"noopener\">foi velado no gramado<\/a>\u00a0da Vila Belmiro, est\u00e1dio do Santos. Durante 24 horas, mais de 230 mil pessoas de todos os cantos do Brasil e do mundo estiveram no funeral, que foi acompanhado por cerca de 1,1 mil jornalistas, de 32 pa\u00edses. N\u00fameros que d\u00e3o um pouco da dimens\u00e3o do Atleta do S\u00e9culo, cujo legado vai al\u00e9m do esporte no qual ele \u00e9 Rei.<\/p>\n<blockquote><p>&#8220;A gente perde essa figura humana excepcional. Tive oportunidade de estar com o Pel\u00e9 no Brasil e no exterior. Ele tinha uma for\u00e7a de atra\u00e7\u00e3o, um neg\u00f3cio que poucas pessoas t\u00eam.\u00a0E\u00a0humildade. O esporte das pessoas com defici\u00eancia deve muito ao Pel\u00e9&#8221;, afirmou Jo\u00e3o Batista.<\/p><\/blockquote>\n<p>&#8220;Perdemos um grande \u00eddolo. Meu pai o assistia muito. A gente fica sabendo da hist\u00f3ria dele pelos pais e av\u00f3s e passa a admir\u00e1-lo pelo trabalho que fez e pela paix\u00e3o que tinha, de vestir a camisa, levar o nome do pa\u00eds. A gente, \u00e0s vezes, transmite essa paix\u00e3o \u00e0s pessoas quando faz algo que a gente ama&#8221;, completou \u00c1dria.<\/p>\n<p><span style=\"font-weight: 400;\"><br \/>\n<\/span><span style=\"font-weight: 400;\">Fonte: Ag\u00eancia Brasil <\/span><\/p>\n","protected":false},"excerpt":{"rendered":"<p>A ex-jogadora de v\u00f4lei Ana Moser, que recebeu hoje (4) o cargo de\u00a0ministra do Esporte, \u00e9 a primeira atleta titular da pasta, desde Edson Arantes do Nascimento. L\u00e1 se v\u00e3o 25 anos desde que Pel\u00e9 \u2013 que morreu h\u00e1 uma semana e foi\u00a0sepultado ontem\u00a0(3) em Santos (SP) \u2013, deixou o cargo que ocupou por tr\u00eas [&hellip;]<\/p>\n","protected":false},"author":246,"featured_media":208654,"comment_status":"closed","ping_status":"closed","sticky":false,"template":"","format":"standard","meta":{"footnotes":""},"categories":[436,257,439],"tags":[],"class_list":["post-208653","post","type-post","status-publish","format-standard","has-post-thumbnail","hentry","category-destaque-da-semana","category-esporte","category-ultima-hora"],"_links":{"self":[{"href":"https:\/\/diarioregionaldigital.com.br\/index.php?rest_route=\/wp\/v2\/posts\/208653","targetHints":{"allow":["GET"]}}],"collection":[{"href":"https:\/\/diarioregionaldigital.com.br\/index.php?rest_route=\/wp\/v2\/posts"}],"about":[{"href":"https:\/\/diarioregionaldigital.com.br\/index.php?rest_route=\/wp\/v2\/types\/post"}],"author":[{"embeddable":true,"href":"https:\/\/diarioregionaldigital.com.br\/index.php?rest_route=\/wp\/v2\/users\/246"}],"replies":[{"embeddable":true,"href":"https:\/\/diarioregionaldigital.com.br\/index.php?rest_route=%2Fwp%2Fv2%2Fcomments&post=208653"}],"version-history":[{"count":1,"href":"https:\/\/diarioregionaldigital.com.br\/index.php?rest_route=\/wp\/v2\/posts\/208653\/revisions"}],"predecessor-version":[{"id":208655,"href":"https:\/\/diarioregionaldigital.com.br\/index.php?rest_route=\/wp\/v2\/posts\/208653\/revisions\/208655"}],"wp:featuredmedia":[{"embeddable":true,"href":"https:\/\/diarioregionaldigital.com.br\/index.php?rest_route=\/wp\/v2\/media\/208654"}],"wp:attachment":[{"href":"https:\/\/diarioregionaldigital.com.br\/index.php?rest_route=%2Fwp%2Fv2%2Fmedia&parent=208653"}],"wp:term":[{"taxonomy":"category","embeddable":true,"href":"https:\/\/diarioregionaldigital.com.br\/index.php?rest_route=%2Fwp%2Fv2%2Fcategories&post=208653"},{"taxonomy":"post_tag","embeddable":true,"href":"https:\/\/diarioregionaldigital.com.br\/index.php?rest_route=%2Fwp%2Fv2%2Ftags&post=208653"}],"curies":[{"name":"wp","href":"https:\/\/api.w.org\/{rel}","templated":true}]}}