{"id":208650,"date":"2023-01-04T18:25:40","date_gmt":"2023-01-04T21:25:40","guid":{"rendered":"https:\/\/diarioregionaldigital.com.br\/?p=208650"},"modified":"2023-01-04T18:25:40","modified_gmt":"2023-01-04T21:25:40","slug":"ministra-diz-que-esporte-sera-elo-entre-povo-e-politicas-sociais","status":"publish","type":"post","link":"https:\/\/diarioregionaldigital.com.br\/?p=208650","title":{"rendered":"Ministra diz que esporte ser\u00e1 elo entre povo e pol\u00edticas sociais"},"content":{"rendered":"<p>A nova ministra do Esporte, Ana Moser, disse hoje (4), em Bras\u00edlia, durante a cerim\u00f4nia de transmiss\u00e3o do cargo, que atividades f\u00edsicas e esportivas t\u00eam rela\u00e7\u00e3o direta com diversas outras \u00e1reas que s\u00e3o foco das pol\u00edticas sociais tanto da esfera federal como estadual e municipal. \u00c9 o caso, por exemplo, das \u00e1reas de sa\u00fade, educa\u00e7\u00e3o e assist\u00eancia social.<img decoding=\"async\" src=\"https:\/\/agenciabrasil.ebc.com.br\/ebc.png?id=1501921&amp;o=node\" \/><img decoding=\"async\" src=\"https:\/\/agenciabrasil.ebc.com.br\/ebc.gif?id=1501921&amp;o=node\" \/><\/p>\n<p>Tendo por base essa premissa, a primeira mulher a ocupar o cargo de ministra do Esporte disse que pretende usar redes de desenvolvimento esportivo que, distribu\u00eddas pelo pa\u00eds, poder\u00e3o se tornar \u201cambientes organizados onde outras pol\u00edticas sociais encontrar\u00e3o caminho para interagir com as popula\u00e7\u00f5es locais\u201d.<\/p>\n<p>Segundo ela, as primeiras agendas a serem tocadas levam em conta um dos grandes desafios da educa\u00e7\u00e3o, que \u00e9 a escola integral.<\/p>\n<p>\u201cO esporte tem muito a contribuir para isso, assim como na \u00e1rea da sa\u00fade, porque n\u00e3o existe sa\u00fade sem atividade f\u00edsica. A janela de oportunidade \u00e9 \u00fanica porque h\u00e1 um direcionamento e um grande entendimento do presidente Lula com rela\u00e7\u00e3o ao tema\u201d, afirmou a ex-jogadora de v\u00f4lei.<\/p>\n<p>A ministra defendeu, tamb\u00e9m, a aproxima\u00e7\u00e3o das educa\u00e7\u00f5es f\u00edsica e art\u00edstica, algo que costuma apresentar \u00f3timos resultados, a exemplo do que foi observado no Instituto Esporte &amp; Educa\u00e7\u00e3o (IEE), entidade do terceiro setor fundada e presidida por ela.<\/p>\n<p>\u201cO impacto do esporte e da arte juntos \u00e9 total, em amplo espectro para a forma\u00e7\u00e3o de crian\u00e7as e jovens\u201d, assegurou ela ao ressaltar que \u201csomente o poder p\u00fablico tem condi\u00e7\u00e3o de dar escala\u201d a iniciativas como essa.<\/p>\n<h2>Lei Geral e Plano Nacional<\/h2>\n<p>Ana Moser lembrou que vigoram no pa\u00eds duas legisla\u00e7\u00f5es muito importantes com rela\u00e7\u00e3o ao assunto: a Lei Geral do Esporte, que estabelece um sistema nacional e o Plano Nacional do Esporte.<\/p>\n<p>\u201cVamos dar foco grande na conversa com o Poder Legislativo e com outros setores para que essas legisla\u00e7\u00f5es avancem e possam dar a base para avan\u00e7armos nossos \u00edndices de participante e termos mais gente praticando esporte\u201d, afirmou ao classificar como \u201cgrande desafio\u201d o de dar escala e estrutura para que a popula\u00e7\u00e3o tenha acesso a atividades f\u00edsicas e esportivas.<\/p>\n<p>A ministra avaliou que, para que surjam mais vagas para a popula\u00e7\u00e3o ter regularidade nessas atividades, \u00e9 necess\u00e1ria a ajuda de estados e munic\u00edpios. \u201cAp\u00f3s desenharmos um Sistema Nacional de Esporte, precisaremos construir o espelhamento dessa estrutura nos n\u00edveis estadual e municipal\u201d, destacou ao explicar que o Plano Nacional tamb\u00e9m precisar\u00e1 desse tipo de \u201cespelhamento\u201d.<\/p>\n<p>Ana Moser acrescentou que as metas para esse atendimento est\u00e3o no Plano Nacional de Esporte, que ter\u00e1 de ser gradualmente ampliado a cada per\u00edodo, \u201cat\u00e9 chegar a 100% da popula\u00e7\u00e3o, o que certamente n\u00e3o ser\u00e1 feito no per\u00edodo de quatro anos porque estamos muito defasados\u201d, explicou.<\/p>\n<p>Em seu pronunciamento, ela acrescentou: \u201cnossa proposta \u00e9 conquistar aos poucos todo o territ\u00f3rio nacional e organizar redes de desenvolvimento local de esporte a serem distribu\u00eddas por todas regi\u00f5es do pa\u00eds. A ideia \u00e9 organizar essas redes nacionais a partir de centros de rede similares a alguns centros de administra\u00e7\u00e3o esportiva j\u00e1 constru\u00eddos\u201d.<\/p>\n<h2>Articula\u00e7\u00e3o<\/h2>\n<p>Para atingir esse objetivo, ser\u00e1 necess\u00e1rio, segundo disse, articular institui\u00e7\u00f5es e projetos que estejam alinhados com princ\u00edpios como incentivo a pr\u00e1ticas de atividades f\u00edsicas na popula\u00e7\u00e3o, fomentar a\u00e7\u00f5es, programas e projetos que atuem nas regi\u00f5es, sejam eles p\u00fablicos ou privados, e, por fim, qualificar e fortalecer a atua\u00e7\u00e3o desses atores p\u00fablicos e privados.<\/p>\n<p>\u201cEssas redes regionais t\u00eam potencial para se tornar ambientes organizados onde outras pol\u00edticas sociais encontrar\u00e3o caminho para interagir com as popula\u00e7\u00f5es locais. Esporte \u00e9 participa\u00e7\u00e3o e integra\u00e7\u00e3o. Todas as pol\u00edticas atendem a uma mesma popula\u00e7\u00e3o. \u00c9 necess\u00e1rio que haja pontes de integra\u00e7\u00e3o entre as pol\u00edticas que queremos mostrar para o povo brasileiro. E o esporte tem potencial para exercer esse papel. Essa \u00e9 a nossa proposta\u201d, argumentou.<\/p>\n<p>Ainda segundo Ana Moser, o esporte tem capacidade de cuidar dos espa\u00e7os p\u00fablicos, das comunidades e das pessoas, \u201cincluindo mulheres, negros, gays, ricos, pobres, deficientes, autistas, pessoas que moram em cidades grandes ou pequenas, ind\u00edgenas; e todas as pessoas porque todos s\u00e3o todos e cada um\u201d, completou.<\/p>\n<h2>Desafio<\/h2>\n<p>O desafio de estabelecer essa cultura de atividades f\u00edsicas e esportivas n\u00e3o ser\u00e1 f\u00e1cil numa na\u00e7\u00e3o que, conforme observado pela ministra, \u201c\u00e9 um dos pa\u00edses mais sedent\u00e1rios do mundo&#8221;, com apenas 30% de sua popula\u00e7\u00e3o praticando alguma atividade f\u00edsica.<\/p>\n<p>\u201cEsses \u00edndices pioraram com a pandemia da covid-19 de maneira muito desigual. Alguns poucos, como eu, tiveram mais tempo para praticar atividade f\u00edsica, mas outras [pessoas] n\u00e3o tiveram essa condi\u00e7\u00e3o de enfrentar t\u00e3o bem, o que aumentou a inatividade f\u00edsica\u201d, finalizou.<\/p>\n<p><span style=\"font-weight: 400;\">Fonte: Ag\u00eancia Brasil\u00a0<\/span><span style=\"font-weight: 400;\"><br \/>\n<\/span><\/p>\n","protected":false},"excerpt":{"rendered":"<p>A nova ministra do Esporte, Ana Moser, disse hoje (4), em Bras\u00edlia, durante a cerim\u00f4nia de transmiss\u00e3o do cargo, que atividades f\u00edsicas e esportivas t\u00eam rela\u00e7\u00e3o direta com diversas outras \u00e1reas que s\u00e3o foco das pol\u00edticas sociais tanto da esfera federal como estadual e municipal. \u00c9 o caso, por exemplo, das \u00e1reas de sa\u00fade, educa\u00e7\u00e3o [&hellip;]<\/p>\n","protected":false},"author":246,"featured_media":208651,"comment_status":"closed","ping_status":"closed","sticky":false,"template":"","format":"standard","meta":{"footnotes":""},"categories":[436,440,257,439],"tags":[],"class_list":["post-208650","post","type-post","status-publish","format-standard","has-post-thumbnail","hentry","category-destaque-da-semana","category-destaques-do-dia","category-esporte","category-ultima-hora"],"_links":{"self":[{"href":"https:\/\/diarioregionaldigital.com.br\/index.php?rest_route=\/wp\/v2\/posts\/208650","targetHints":{"allow":["GET"]}}],"collection":[{"href":"https:\/\/diarioregionaldigital.com.br\/index.php?rest_route=\/wp\/v2\/posts"}],"about":[{"href":"https:\/\/diarioregionaldigital.com.br\/index.php?rest_route=\/wp\/v2\/types\/post"}],"author":[{"embeddable":true,"href":"https:\/\/diarioregionaldigital.com.br\/index.php?rest_route=\/wp\/v2\/users\/246"}],"replies":[{"embeddable":true,"href":"https:\/\/diarioregionaldigital.com.br\/index.php?rest_route=%2Fwp%2Fv2%2Fcomments&post=208650"}],"version-history":[{"count":1,"href":"https:\/\/diarioregionaldigital.com.br\/index.php?rest_route=\/wp\/v2\/posts\/208650\/revisions"}],"predecessor-version":[{"id":208652,"href":"https:\/\/diarioregionaldigital.com.br\/index.php?rest_route=\/wp\/v2\/posts\/208650\/revisions\/208652"}],"wp:featuredmedia":[{"embeddable":true,"href":"https:\/\/diarioregionaldigital.com.br\/index.php?rest_route=\/wp\/v2\/media\/208651"}],"wp:attachment":[{"href":"https:\/\/diarioregionaldigital.com.br\/index.php?rest_route=%2Fwp%2Fv2%2Fmedia&parent=208650"}],"wp:term":[{"taxonomy":"category","embeddable":true,"href":"https:\/\/diarioregionaldigital.com.br\/index.php?rest_route=%2Fwp%2Fv2%2Fcategories&post=208650"},{"taxonomy":"post_tag","embeddable":true,"href":"https:\/\/diarioregionaldigital.com.br\/index.php?rest_route=%2Fwp%2Fv2%2Ftags&post=208650"}],"curies":[{"name":"wp","href":"https:\/\/api.w.org\/{rel}","templated":true}]}}