{"id":208647,"date":"2023-01-04T18:20:27","date_gmt":"2023-01-04T21:20:27","guid":{"rendered":"https:\/\/diarioregionaldigital.com.br\/?p=208647"},"modified":"2023-01-04T18:20:27","modified_gmt":"2023-01-04T21:20:27","slug":"livro-de-posse-e-faixa-presidencial-que-lula-usou-sao-oficiais","status":"publish","type":"post","link":"https:\/\/diarioregionaldigital.com.br\/?p=208647","title":{"rendered":"Livro de posse e faixa presidencial que Lula usou s\u00e3o oficiais"},"content":{"rendered":"<p>Durante a posse do presidente Luiz In\u00e1cio do Lula da Silva, no \u00faltimo domingo (1\u00ba), as redes sociais foram inundadas por informa\u00e7\u00f5es falsas sobre a faixa presidencial e at\u00e9 mesmo sobre o livro de posse assinado pelo mandat\u00e1rio na sess\u00e3o do Congresso Nacional.\u00a0<img decoding=\"async\" src=\"https:\/\/agenciabrasil.ebc.com.br\/ebc.png?id=1501752&amp;o=node\" \/><img decoding=\"async\" src=\"https:\/\/agenciabrasil.ebc.com.br\/ebc.gif?id=1501752&amp;o=node\" \/><\/p>\n<p>No caso da faixa, usu\u00e1rios de plataformas na internet espalharam imagens das faixas usadas por Lula e pelo ex-presidente Jair Bolsonaro para dizer que a do petista n\u00e3o seria verdadeira.<\/p>\n<p>De fato, as faixas utilizadas por Lula e Bolsonaro s\u00e3o diferentes, mas ambas s\u00e3o objetos oficiais da Presid\u00eancia da Rep\u00fablica. Isso porque existem duas vers\u00f5es da faixa. Aquela recebida\u00a0por Lula ap\u00f3s subir rampa do Pal\u00e1cio do Planalto \u00e9 a mais antiga, confeccionada em 1991 e utilizada por Fernando Collor, Fernando Henrique Cardoso, Lula e Dilma Rousseff.<\/p>\n<h2>Acervo<\/h2>\n<p>Durante o governo Lula, em 2008, uma outra faixa foi confeccionada pela Presid\u00eancia da Rep\u00fablica e passou a fazer parte do acervo. Essa \u00e9 a mesma que foi usada por Bolsonaro na sua posse, em 2019, mas tamb\u00e9m por Dilma Russeff, na posse do seu primeiro mandato, em 2011.<\/p>\n<p>J\u00e1 a desinforma\u00e7\u00e3o sobre o termo de posse se espalhou com a imagem de que o livro assinado por Lula n\u00e3o seria oficial por n\u00e3o ter a fita verde e amarela usada em posses anteriores. O livro de posse \u00e9 um documento hist\u00f3rico assinado por todos os presidentes, desde o in\u00edcio da rep\u00fablica.<\/p>\n<p>Durante a sess\u00e3o solene do Congresso Nacional que empossou Lula, o presidente assinou o terceiro volume do livro de posse. Por ser um livro novo, n\u00e3o foi preciso usar a fita verde e amarela que nas posses anteriores marcava a p\u00e1gina que deveria ser assinada, esclareceu o Senado Federal. O segundo volume foi encerrado por falta de espa\u00e7o ap\u00f3s a posse de Jair Bolsonaro em 2019.<\/p>\n<p>Os tr\u00eas volumes do Termo de Posse ficam sob a guarda do Arquivo do Senado e est\u00e3o dispon\u00edveis para consulta na p\u00e1gina de documentos digitalizados do portal institucional da Casa.<\/p>\n<p><span style=\"font-weight: 400;\"><br \/>\n<\/span><span style=\"font-weight: 400;\">Fonte: Ag\u00eancia Brasil\u00a0<\/span><span style=\"font-weight: 400;\"><br \/>\n<\/span><\/p>\n","protected":false},"excerpt":{"rendered":"<p>Durante a posse do presidente Luiz In\u00e1cio do Lula da Silva, no \u00faltimo domingo (1\u00ba), as redes sociais foram inundadas por informa\u00e7\u00f5es falsas sobre a faixa presidencial e at\u00e9 mesmo sobre o livro de posse assinado pelo mandat\u00e1rio na sess\u00e3o do Congresso Nacional.\u00a0 No caso da faixa, usu\u00e1rios de plataformas na internet espalharam imagens das [&hellip;]<\/p>\n","protected":false},"author":246,"featured_media":208648,"comment_status":"closed","ping_status":"closed","sticky":false,"template":"","format":"standard","meta":{"footnotes":""},"categories":[436,254,439],"tags":[],"class_list":["post-208647","post","type-post","status-publish","format-standard","has-post-thumbnail","hentry","category-destaque-da-semana","category-politica","category-ultima-hora"],"_links":{"self":[{"href":"https:\/\/diarioregionaldigital.com.br\/index.php?rest_route=\/wp\/v2\/posts\/208647","targetHints":{"allow":["GET"]}}],"collection":[{"href":"https:\/\/diarioregionaldigital.com.br\/index.php?rest_route=\/wp\/v2\/posts"}],"about":[{"href":"https:\/\/diarioregionaldigital.com.br\/index.php?rest_route=\/wp\/v2\/types\/post"}],"author":[{"embeddable":true,"href":"https:\/\/diarioregionaldigital.com.br\/index.php?rest_route=\/wp\/v2\/users\/246"}],"replies":[{"embeddable":true,"href":"https:\/\/diarioregionaldigital.com.br\/index.php?rest_route=%2Fwp%2Fv2%2Fcomments&post=208647"}],"version-history":[{"count":1,"href":"https:\/\/diarioregionaldigital.com.br\/index.php?rest_route=\/wp\/v2\/posts\/208647\/revisions"}],"predecessor-version":[{"id":208649,"href":"https:\/\/diarioregionaldigital.com.br\/index.php?rest_route=\/wp\/v2\/posts\/208647\/revisions\/208649"}],"wp:featuredmedia":[{"embeddable":true,"href":"https:\/\/diarioregionaldigital.com.br\/index.php?rest_route=\/wp\/v2\/media\/208648"}],"wp:attachment":[{"href":"https:\/\/diarioregionaldigital.com.br\/index.php?rest_route=%2Fwp%2Fv2%2Fmedia&parent=208647"}],"wp:term":[{"taxonomy":"category","embeddable":true,"href":"https:\/\/diarioregionaldigital.com.br\/index.php?rest_route=%2Fwp%2Fv2%2Fcategories&post=208647"},{"taxonomy":"post_tag","embeddable":true,"href":"https:\/\/diarioregionaldigital.com.br\/index.php?rest_route=%2Fwp%2Fv2%2Ftags&post=208647"}],"curies":[{"name":"wp","href":"https:\/\/api.w.org\/{rel}","templated":true}]}}