{"id":208644,"date":"2023-01-04T18:19:07","date_gmt":"2023-01-04T21:19:07","guid":{"rendered":"https:\/\/diarioregionaldigital.com.br\/?p=208644"},"modified":"2023-01-04T18:19:07","modified_gmt":"2023-01-04T21:19:07","slug":"equipe-de-seguranca-de-lula-faz-varredura-no-palacio-do-planalto","status":"publish","type":"post","link":"https:\/\/diarioregionaldigital.com.br\/?p=208644","title":{"rendered":"Equipe de seguran\u00e7a de Lula faz varredura no Pal\u00e1cio do Planalto"},"content":{"rendered":"<p>A equipe de seguran\u00e7a do presidente Luiz In\u00e1cio Lula da Silva, composta por policiais federais, t\u00eam feito varreduras nos principais gabinetes do Pal\u00e1cio do Planalto, incluindo o do pr\u00f3prio presidente da Rep\u00fablica. A medida tem o objetivo de de verificar a eventual exist\u00eancia de grampos e escutas telef\u00f4nicas que possam\u00a0ter\u00a0sido instaladas indevidamente, e garantir a total seguran\u00e7a dos ambientes de trabalho. A informa\u00e7\u00e3o foi repassada pela assessoria do presidente Luiz In\u00e1cio Lula da Silva.\u00a0<img decoding=\"async\" src=\"https:\/\/agenciabrasil.ebc.com.br\/ebc.png?id=1501791&amp;o=node\" \/><img decoding=\"async\" src=\"https:\/\/agenciabrasil.ebc.com.br\/ebc.gif?id=1501791&amp;o=node\" \/><\/p>\n<p>Tamb\u00e9m est\u00e3o sendo promovidas adequa\u00e7\u00f5es como troca de mobili\u00e1rio, equipamentos eletr\u00f4nicos e pintura. Lula ainda n\u00e3o est\u00e1 despachando do Planalto.\u00a0Ontem\u00a0(2), no primeiro dia \u00fatil de seu novo mandato, ele passou o dia em encontros bilaterais com l\u00edderes estrangeiros que\u00a0<a href=\"https:\/\/agenciabrasil.ebc.com.br\/politica\/noticia\/2023-01\/lula-vai-estrear-agenda-internacional-com-viagem-argentina\" target=\"_blank\" rel=\"noopener\">vieram para a\u00a0posse<\/a>, mas do Pal\u00e1cio do Itamaraty, sede do Minist\u00e9rio das Rela\u00e7\u00f5es Exteriores. J\u00e1 nesta\u00a0ter\u00e7a-feira (3), ele foi ao vel\u00f3rio do Rei Pel\u00e9, em Santos (SP), pela manh\u00e3, e passou a tarde despachando do hotel onde\u00a0continua hospedado desde antes da posse. N\u00e3o h\u00e1 data para que ele e a primeira-dama, Janja da Silva, se mudem para o Pal\u00e1cio do Alvorada, resid\u00eancia oficial, que tamb\u00e9m passa pelo mesmo tipo de varredura e outras adequa\u00e7\u00f5es.<\/p>\n<p><span style=\"font-weight: 400;\">Fonte: Ag\u00eancia Brasil <\/span><\/p>\n","protected":false},"excerpt":{"rendered":"<p>A equipe de seguran\u00e7a do presidente Luiz In\u00e1cio Lula da Silva, composta por policiais federais, t\u00eam feito varreduras nos principais gabinetes do Pal\u00e1cio do Planalto, incluindo o do pr\u00f3prio presidente da Rep\u00fablica. A medida tem o objetivo de de verificar a eventual exist\u00eancia de grampos e escutas telef\u00f4nicas que possam\u00a0ter\u00a0sido instaladas indevidamente, e garantir a [&hellip;]<\/p>\n","protected":false},"author":246,"featured_media":208645,"comment_status":"closed","ping_status":"closed","sticky":false,"template":"","format":"standard","meta":{"footnotes":""},"categories":[436,254,439],"tags":[],"class_list":["post-208644","post","type-post","status-publish","format-standard","has-post-thumbnail","hentry","category-destaque-da-semana","category-politica","category-ultima-hora"],"_links":{"self":[{"href":"https:\/\/diarioregionaldigital.com.br\/index.php?rest_route=\/wp\/v2\/posts\/208644","targetHints":{"allow":["GET"]}}],"collection":[{"href":"https:\/\/diarioregionaldigital.com.br\/index.php?rest_route=\/wp\/v2\/posts"}],"about":[{"href":"https:\/\/diarioregionaldigital.com.br\/index.php?rest_route=\/wp\/v2\/types\/post"}],"author":[{"embeddable":true,"href":"https:\/\/diarioregionaldigital.com.br\/index.php?rest_route=\/wp\/v2\/users\/246"}],"replies":[{"embeddable":true,"href":"https:\/\/diarioregionaldigital.com.br\/index.php?rest_route=%2Fwp%2Fv2%2Fcomments&post=208644"}],"version-history":[{"count":1,"href":"https:\/\/diarioregionaldigital.com.br\/index.php?rest_route=\/wp\/v2\/posts\/208644\/revisions"}],"predecessor-version":[{"id":208646,"href":"https:\/\/diarioregionaldigital.com.br\/index.php?rest_route=\/wp\/v2\/posts\/208644\/revisions\/208646"}],"wp:featuredmedia":[{"embeddable":true,"href":"https:\/\/diarioregionaldigital.com.br\/index.php?rest_route=\/wp\/v2\/media\/208645"}],"wp:attachment":[{"href":"https:\/\/diarioregionaldigital.com.br\/index.php?rest_route=%2Fwp%2Fv2%2Fmedia&parent=208644"}],"wp:term":[{"taxonomy":"category","embeddable":true,"href":"https:\/\/diarioregionaldigital.com.br\/index.php?rest_route=%2Fwp%2Fv2%2Fcategories&post=208644"},{"taxonomy":"post_tag","embeddable":true,"href":"https:\/\/diarioregionaldigital.com.br\/index.php?rest_route=%2Fwp%2Fv2%2Ftags&post=208644"}],"curies":[{"name":"wp","href":"https:\/\/api.w.org\/{rel}","templated":true}]}}