{"id":208638,"date":"2023-01-04T18:09:32","date_gmt":"2023-01-04T21:09:32","guid":{"rendered":"https:\/\/diarioregionaldigital.com.br\/?p=208638"},"modified":"2023-01-04T18:09:32","modified_gmt":"2023-01-04T21:09:32","slug":"reforma-tributaria-e-fundamental-a-reindustrializacao-diz-alckmin","status":"publish","type":"post","link":"https:\/\/diarioregionaldigital.com.br\/?p=208638","title":{"rendered":"Reforma tribut\u00e1ria \u00e9 fundamental \u00e0 reindustrializa\u00e7\u00e3o, diz Alckmin"},"content":{"rendered":"<p>O vice-presidente da Rep\u00fablica, Geraldo Alckmin, assumiu hoje (3) o cargo de ministro do Desenvolvimento, Ind\u00fastria, Com\u00e9rcio e Servi\u00e7os, pasta que a nova gest\u00e3o federal recriou e que responder\u00e1 por parte das tarefas que, durante o governo de Jair Bolsonaro, estavam sob a responsabilidade do Minist\u00e9rio da Economia.<img decoding=\"async\" src=\"https:\/\/agenciabrasil.ebc.com.br\/ebc.png?id=1501872&amp;o=node\" \/><img decoding=\"async\" src=\"https:\/\/agenciabrasil.ebc.com.br\/ebc.gif?id=1501872&amp;o=node\" \/><\/p>\n<p>Durante a concorrida cerim\u00f4nia realizada no Pal\u00e1cio do Planalto, prestigiada pelo presidente Luiz In\u00e1cio Lula da Silva e por quase todo o primeiro escal\u00e3o do governo federal, Alckmin discursou por quase meia hora, elencando os desafios \u00e0 industrializa\u00e7\u00e3o do pa\u00eds e suas prioridades como ministro, cujas fun\u00e7\u00f5es acumular\u00e1 com as de vice-presidente.<\/p>\n<p>\u201cO momento nos imp\u00f5e trabalharmos incansavelmente pelo emprego e pela distribui\u00e7\u00e3o de renda, em apoio \u00e0 ind\u00fastria, ao com\u00e9rcio e ao setor de servi\u00e7os\u201d, disse Alckmin, acrescentando que o sucesso do setor produtivo brasileiro exige a simplifica\u00e7\u00e3o das regras do sistema tribut\u00e1rio de forma a favorecer a competitividade nacional.<\/p>\n<p>\u201cO fortalecimento da nossa ind\u00fastria passa, invariavelmente, pela redu\u00e7\u00e3o do custo Brasil e pela melhoria do ambiente de neg\u00f3cios no pa\u00eds. Nesse contexto, a reforma tribut\u00e1ria \u00e9 fundamental&#8221;, disse Alckmin.<\/p>\n<p>O ministro ressaltou a necessidade de uni\u00e3o do governo. \u201cO esfor\u00e7o de reindustrializar o Brasil, para aperfei\u00e7oar ainda mais a nossa agroind\u00fastria e todo o parque industrial, agregando-lhe mais valor, e para incluir os trabalhadores e trabalhadoras brasileiras em nossa economia, n\u00e3o s\u00e3o tarefas epis\u00f3dicas, mas uma obra de todo o governo comprometido com um futuro melhor e mais justo para nosso povo\u201d.<\/p>\n<p>De acordo com o vice-presidente e ministro, ap\u00f3s ter induzido o crescimento econ\u00f4mico do pa\u00eds durante boa parte do s\u00e9culo 20, a ind\u00fastria brasileira come\u00e7ou a perder espa\u00e7o a partir dos anos 1980, quando respondia por cerca de 20% do Produto Interno Bruto (PIB), at\u00e9 chegar a atual situa\u00e7\u00e3o. Em 2021, a produ\u00e7\u00e3o industrial brasileira respondeu por 11,3% das riquezas geradas no pa\u00eds. Apesar disso, o setor responde por 69% de tudo que \u00e9 investido em pesquisa e desenvolvimento no pa\u00eds e por cerca de um ter\u00e7o da arrecada\u00e7\u00e3o tribut\u00e1ria.<\/p>\n<p>\u201cA ind\u00fastria brasileira precisa urgentemente retomar seu protagonismo, expandindo a participa\u00e7\u00e3o no PIB. As graves mudan\u00e7as clim\u00e1ticas, o p\u00f3s-covid e a guerra na Europa [entre R\u00fassia e Ucr\u00e2nia] indicam a prem\u00eancia de uma pol\u00edtica de reindustrializa\u00e7\u00e3o consensuada com o setor produtivo, a academia, a sociedade e a comunidade internacional\u201d, disse Alckmin, destacando o potencial do Brasil tornar-se \u201co grande protagonista do processo de descarboniza\u00e7\u00e3o global\u201d, desde que investindo em inova\u00e7\u00e3o e pesquisa.<\/p>\n<p>\u201cA agenda da sustentabilidade \u00e9 priorit\u00e1ria, inclusive para garantir a competitividade do produto nacional no com\u00e9rcio mundial\u201d, disse Alckmin, prometendo implementar a \u201cnova pol\u00edtica industrial brasileira\u201d em parceria com o Minist\u00e9rio do Meio Ambiente, comandado pela ambientalista Marina Silva.<\/p>\n<p><span style=\"font-weight: 400;\"><br \/>\n<\/span><span style=\"font-weight: 400;\">Fonte: Ag\u00eancia Brasil <\/span><\/p>\n","protected":false},"excerpt":{"rendered":"<p>O vice-presidente da Rep\u00fablica, Geraldo Alckmin, assumiu hoje (3) o cargo de ministro do Desenvolvimento, Ind\u00fastria, Com\u00e9rcio e Servi\u00e7os, pasta que a nova gest\u00e3o federal recriou e que responder\u00e1 por parte das tarefas que, durante o governo de Jair Bolsonaro, estavam sob a responsabilidade do Minist\u00e9rio da Economia. Durante a concorrida cerim\u00f4nia realizada no Pal\u00e1cio [&hellip;]<\/p>\n","protected":false},"author":246,"featured_media":208639,"comment_status":"closed","ping_status":"closed","sticky":false,"template":"","format":"standard","meta":{"footnotes":""},"categories":[436,440,254,439],"tags":[],"class_list":["post-208638","post","type-post","status-publish","format-standard","has-post-thumbnail","hentry","category-destaque-da-semana","category-destaques-do-dia","category-politica","category-ultima-hora"],"_links":{"self":[{"href":"https:\/\/diarioregionaldigital.com.br\/index.php?rest_route=\/wp\/v2\/posts\/208638","targetHints":{"allow":["GET"]}}],"collection":[{"href":"https:\/\/diarioregionaldigital.com.br\/index.php?rest_route=\/wp\/v2\/posts"}],"about":[{"href":"https:\/\/diarioregionaldigital.com.br\/index.php?rest_route=\/wp\/v2\/types\/post"}],"author":[{"embeddable":true,"href":"https:\/\/diarioregionaldigital.com.br\/index.php?rest_route=\/wp\/v2\/users\/246"}],"replies":[{"embeddable":true,"href":"https:\/\/diarioregionaldigital.com.br\/index.php?rest_route=%2Fwp%2Fv2%2Fcomments&post=208638"}],"version-history":[{"count":1,"href":"https:\/\/diarioregionaldigital.com.br\/index.php?rest_route=\/wp\/v2\/posts\/208638\/revisions"}],"predecessor-version":[{"id":208640,"href":"https:\/\/diarioregionaldigital.com.br\/index.php?rest_route=\/wp\/v2\/posts\/208638\/revisions\/208640"}],"wp:featuredmedia":[{"embeddable":true,"href":"https:\/\/diarioregionaldigital.com.br\/index.php?rest_route=\/wp\/v2\/media\/208639"}],"wp:attachment":[{"href":"https:\/\/diarioregionaldigital.com.br\/index.php?rest_route=%2Fwp%2Fv2%2Fmedia&parent=208638"}],"wp:term":[{"taxonomy":"category","embeddable":true,"href":"https:\/\/diarioregionaldigital.com.br\/index.php?rest_route=%2Fwp%2Fv2%2Fcategories&post=208638"},{"taxonomy":"post_tag","embeddable":true,"href":"https:\/\/diarioregionaldigital.com.br\/index.php?rest_route=%2Fwp%2Fv2%2Ftags&post=208638"}],"curies":[{"name":"wp","href":"https:\/\/api.w.org\/{rel}","templated":true}]}}