{"id":208635,"date":"2023-01-04T18:05:36","date_gmt":"2023-01-04T21:05:36","guid":{"rendered":"https:\/\/diarioregionaldigital.com.br\/?p=208635"},"modified":"2023-01-04T18:05:36","modified_gmt":"2023-01-04T21:05:36","slug":"precos-na-saida-das-fabricas-caem-054-revela-pesquisa","status":"publish","type":"post","link":"https:\/\/diarioregionaldigital.com.br\/?p=208635","title":{"rendered":"Pre\u00e7os na sa\u00edda das f\u00e1bricas caem 0,54%, revela pesquisa"},"content":{"rendered":"<p>O \u00cdndice de Pre\u00e7os ao Produtor (IPP) registrou defla\u00e7\u00e3o (queda de pre\u00e7os) de 0,54% em novembro. Em outubro, a defla\u00e7\u00e3o havia sido de 0,86%. J\u00e1 em novembro de 2021, o indicador acusou infla\u00e7\u00e3o de 1,46%.<img decoding=\"async\" src=\"https:\/\/agenciabrasil.ebc.com.br\/ebc.png?id=1501818&amp;o=node\" \/><img decoding=\"async\" src=\"https:\/\/agenciabrasil.ebc.com.br\/ebc.gif?id=1501818&amp;o=node\" \/><\/p>\n<p>Os dados foram divulgados hoje (4), no Rio de Janeiro, pelo Instituto Brasileiro de Geografia e Estat\u00edstica (IBGE). O indicador, que registra a varia\u00e7\u00e3o de pre\u00e7os de produtos na sa\u00edda das f\u00e1bricas, acumula infla\u00e7\u00e3o de 4,47% de janeiro a novembro de 2022 e 4,39% em 12 meses.<\/p>\n<h2>Defla\u00e7\u00e3o<\/h2>\n<p>Quinze das 24 atividades industriais pesquisadas tiveram defla\u00e7\u00e3o em novembro, com destaque para outros qu\u00edmicos (-4,41%) e alimentos (-0,70%). Nove ramos da ind\u00fastria tiveram alta de pre\u00e7os. Os maiores impactos vieram dos ve\u00edculos (0,55%) e do refino e biocombust\u00edveis (1,01%).<\/p>\n<p>Das quatro grandes categorias econ\u00f4micas da ind\u00fastria, duas tiveram infla\u00e7\u00e3o: bens de capital, isto \u00e9, as m\u00e1quinas e equipamentos usados no setor produtivo (0,47%) e os bens de consumo dur\u00e1veis (0,41%).<\/p>\n<p>A defla\u00e7\u00e3o do IPP em novembro foi influenciada pelos bens intermedi\u00e1rios, ou seja, os insumos industrializados usados no setor produtivo (-0,86%) e os bens de consumo semi e n\u00e3o dur\u00e1veis (-0,32%).<\/p>\n<p><span style=\"font-weight: 400;\">Fonte: Ag\u00eancia Brasil\u00a0<\/span><span style=\"font-weight: 400;\"><br \/>\n<\/span><\/p>\n","protected":false},"excerpt":{"rendered":"<p>O \u00cdndice de Pre\u00e7os ao Produtor (IPP) registrou defla\u00e7\u00e3o (queda de pre\u00e7os) de 0,54% em novembro. Em outubro, a defla\u00e7\u00e3o havia sido de 0,86%. J\u00e1 em novembro de 2021, o indicador acusou infla\u00e7\u00e3o de 1,46%. Os dados foram divulgados hoje (4), no Rio de Janeiro, pelo Instituto Brasileiro de Geografia e Estat\u00edstica (IBGE). O indicador, [&hellip;]<\/p>\n","protected":false},"author":246,"featured_media":208636,"comment_status":"closed","ping_status":"closed","sticky":false,"template":"","format":"standard","meta":{"footnotes":""},"categories":[436,261,439],"tags":[],"class_list":["post-208635","post","type-post","status-publish","format-standard","has-post-thumbnail","hentry","category-destaque-da-semana","category-economia","category-ultima-hora"],"_links":{"self":[{"href":"https:\/\/diarioregionaldigital.com.br\/index.php?rest_route=\/wp\/v2\/posts\/208635","targetHints":{"allow":["GET"]}}],"collection":[{"href":"https:\/\/diarioregionaldigital.com.br\/index.php?rest_route=\/wp\/v2\/posts"}],"about":[{"href":"https:\/\/diarioregionaldigital.com.br\/index.php?rest_route=\/wp\/v2\/types\/post"}],"author":[{"embeddable":true,"href":"https:\/\/diarioregionaldigital.com.br\/index.php?rest_route=\/wp\/v2\/users\/246"}],"replies":[{"embeddable":true,"href":"https:\/\/diarioregionaldigital.com.br\/index.php?rest_route=%2Fwp%2Fv2%2Fcomments&post=208635"}],"version-history":[{"count":1,"href":"https:\/\/diarioregionaldigital.com.br\/index.php?rest_route=\/wp\/v2\/posts\/208635\/revisions"}],"predecessor-version":[{"id":208637,"href":"https:\/\/diarioregionaldigital.com.br\/index.php?rest_route=\/wp\/v2\/posts\/208635\/revisions\/208637"}],"wp:featuredmedia":[{"embeddable":true,"href":"https:\/\/diarioregionaldigital.com.br\/index.php?rest_route=\/wp\/v2\/media\/208636"}],"wp:attachment":[{"href":"https:\/\/diarioregionaldigital.com.br\/index.php?rest_route=%2Fwp%2Fv2%2Fmedia&parent=208635"}],"wp:term":[{"taxonomy":"category","embeddable":true,"href":"https:\/\/diarioregionaldigital.com.br\/index.php?rest_route=%2Fwp%2Fv2%2Fcategories&post=208635"},{"taxonomy":"post_tag","embeddable":true,"href":"https:\/\/diarioregionaldigital.com.br\/index.php?rest_route=%2Fwp%2Fv2%2Ftags&post=208635"}],"curies":[{"name":"wp","href":"https:\/\/api.w.org\/{rel}","templated":true}]}}