{"id":208632,"date":"2023-01-04T18:03:57","date_gmt":"2023-01-04T21:03:57","guid":{"rendered":"https:\/\/diarioregionaldigital.com.br\/?p=208632"},"modified":"2023-01-04T18:03:57","modified_gmt":"2023-01-04T21:03:57","slug":"petrobras-antecipa-fim-do-mandato-de-caio-paes-de-andrade","status":"publish","type":"post","link":"https:\/\/diarioregionaldigital.com.br\/?p=208632","title":{"rendered":"Petrobras antecipa fim do mandato de Caio Paes de Andrade"},"content":{"rendered":"<p>O Conselho de Administra\u00e7\u00e3o da Petrobras aprovou o encerramento antecipado do mandato de Caio M\u00e1rio Paes de Andrade na presid\u00eancia da companhia. Segundo a empresa, os efeitos da decis\u00e3o j\u00e1 valem a partir de hoje (4). Para solucionar a vac\u00e2ncia do cargo, com base no Estatuto Social, o presidente do Conselho de Administra\u00e7\u00e3o, Gileno Gurj\u00e3o Barreto, nomeou o diretor executivo de Desenvolvimento da Produ\u00e7\u00e3o, Jo\u00e3o Henrique Rittershaussen, como presidente interino da companhia. Ele permanecer\u00e1 na fun\u00e7\u00e3o at\u00e9 a elei\u00e7\u00e3o e posse de novo presidente.<img decoding=\"async\" src=\"https:\/\/agenciabrasil.ebc.com.br\/ebc.png?id=1501826&amp;o=node\" \/><img decoding=\"async\" src=\"https:\/\/agenciabrasil.ebc.com.br\/ebc.gif?id=1501826&amp;o=node\" \/><\/p>\n<p>Caio M\u00e1rio Paes de Andrade tamb\u00e9m renunciou hoje ao cargo de membro do Conselho de Administra\u00e7\u00e3o.<\/p>\n<p>Nos 35 anos em que trabalha na Petrobras, o presidente interino ocupou diversas fun\u00e7\u00f5es gerenciais. \u201cAtuou como Gerente Executivo, ocupando a Ger\u00eancia Executiva de Sistemas de Superf\u00edcie e em de novembro de 2018 tornou-se Gerente Executivo de Sistemas de Superf\u00edcie, Refino, G\u00e1s e Energia, \u00e1rea que responde pela constru\u00e7\u00e3o dos novos ativos da companhia nas \u00e1reas de E&amp;P e RGN. Fatos julgados relevantes ser\u00e3o tempestivamente divulgados ao mercado\u201d, informou a companhia no fato relevante encaminhado \u00e0 Comiss\u00e3o de Valores Mobili\u00e1rios (CVM) e ao mercado.<\/p>\n<h2>Indica\u00e7\u00e3o<\/h2>\n<p>Em outro fato relevante, mas divulgado ontem (3), a\u00a0<a href=\"https:\/\/agenciabrasil.ebc.com.br\/economia\/noticia\/2023-01\/petrobras-recebe-indicacao-de-jean-paul-prates-como-futuro-presidente\" target=\"_blank\" rel=\"noopener\">Petrobras diz ter recebido of\u00edcio do Minist\u00e9rio de Minas e Energia<\/a>\u00a0informando que o senador Jean Paul Prates \u201cser\u00e1 indicado para exercer o cargo de presidente e de membro do Conselho de Administra\u00e7\u00e3o da Petrobras\u201d.<\/p>\n<p>A companhia acrescentou que o nome de Jean Paul Prates foi encaminhado \u00e0 Casa Civil da Presid\u00eancia da Rep\u00fablica, como disp\u00f5e o Decreto 8.945, de 27 de dezembro de 2016. \u201cT\u00e3o logo a documenta\u00e7\u00e3o seja analisada e retorne ao Minist\u00e9rio das Minas e Energia, ser\u00e1 encaminhada \u00e0 Petrobras\u201d, destacou.<\/p>\n<p>Ainda de acordo com a empresa, ap\u00f3s ser efetivada, a indica\u00e7\u00e3o de Prates ser\u00e1 submetida ao processo de governan\u00e7a interna, \u201cobservada a Pol\u00edtica de Indica\u00e7\u00e3o de Membros da Alta Administra\u00e7\u00e3o, para a an\u00e1lise dos requisitos legais e de gest\u00e3o e integridade e posterior manifesta\u00e7\u00e3o do Comit\u00ea de Elegibilidade, nos termos do artigo 21, \u00a74\u00ba, do Decreto 8.945\/2016, alterado pelo Decreto 11.048\/2022\u201d.<\/p>\n<p><span style=\"font-weight: 400;\"><br \/>\n<\/span><span style=\"font-weight: 400;\">Fonte: Ag\u00eancia Brasil <\/span><\/p>\n","protected":false},"excerpt":{"rendered":"<p>O Conselho de Administra\u00e7\u00e3o da Petrobras aprovou o encerramento antecipado do mandato de Caio M\u00e1rio Paes de Andrade na presid\u00eancia da companhia. Segundo a empresa, os efeitos da decis\u00e3o j\u00e1 valem a partir de hoje (4). Para solucionar a vac\u00e2ncia do cargo, com base no Estatuto Social, o presidente do Conselho de Administra\u00e7\u00e3o, Gileno Gurj\u00e3o [&hellip;]<\/p>\n","protected":false},"author":246,"featured_media":208633,"comment_status":"closed","ping_status":"closed","sticky":false,"template":"","format":"standard","meta":{"footnotes":""},"categories":[436,261,439],"tags":[],"class_list":["post-208632","post","type-post","status-publish","format-standard","has-post-thumbnail","hentry","category-destaque-da-semana","category-economia","category-ultima-hora"],"_links":{"self":[{"href":"https:\/\/diarioregionaldigital.com.br\/index.php?rest_route=\/wp\/v2\/posts\/208632","targetHints":{"allow":["GET"]}}],"collection":[{"href":"https:\/\/diarioregionaldigital.com.br\/index.php?rest_route=\/wp\/v2\/posts"}],"about":[{"href":"https:\/\/diarioregionaldigital.com.br\/index.php?rest_route=\/wp\/v2\/types\/post"}],"author":[{"embeddable":true,"href":"https:\/\/diarioregionaldigital.com.br\/index.php?rest_route=\/wp\/v2\/users\/246"}],"replies":[{"embeddable":true,"href":"https:\/\/diarioregionaldigital.com.br\/index.php?rest_route=%2Fwp%2Fv2%2Fcomments&post=208632"}],"version-history":[{"count":1,"href":"https:\/\/diarioregionaldigital.com.br\/index.php?rest_route=\/wp\/v2\/posts\/208632\/revisions"}],"predecessor-version":[{"id":208634,"href":"https:\/\/diarioregionaldigital.com.br\/index.php?rest_route=\/wp\/v2\/posts\/208632\/revisions\/208634"}],"wp:featuredmedia":[{"embeddable":true,"href":"https:\/\/diarioregionaldigital.com.br\/index.php?rest_route=\/wp\/v2\/media\/208633"}],"wp:attachment":[{"href":"https:\/\/diarioregionaldigital.com.br\/index.php?rest_route=%2Fwp%2Fv2%2Fmedia&parent=208632"}],"wp:term":[{"taxonomy":"category","embeddable":true,"href":"https:\/\/diarioregionaldigital.com.br\/index.php?rest_route=%2Fwp%2Fv2%2Fcategories&post=208632"},{"taxonomy":"post_tag","embeddable":true,"href":"https:\/\/diarioregionaldigital.com.br\/index.php?rest_route=%2Fwp%2Fv2%2Ftags&post=208632"}],"curies":[{"name":"wp","href":"https:\/\/api.w.org\/{rel}","templated":true}]}}