{"id":208629,"date":"2023-01-04T18:02:25","date_gmt":"2023-01-04T21:02:25","guid":{"rendered":"https:\/\/diarioregionaldigital.com.br\/?p=208629"},"modified":"2023-01-04T18:02:25","modified_gmt":"2023-01-04T21:02:25","slug":"impostos-pagos-por-brasileiros-em-2022-passam-de-r-28-trilhoes","status":"publish","type":"post","link":"https:\/\/diarioregionaldigital.com.br\/?p=208629","title":{"rendered":"Impostos pagos por brasileiros em 2022 passam de R$ 2,8 trilh\u00f5es"},"content":{"rendered":"<p>Os impostos pagos pelos contribuintes brasileiros em todo o pa\u00eds em 2022 totalizaram R$ 2.890.489.835.290,32, de acordo com o Impost\u00f4metro, painel instalado pela Associa\u00e7\u00e3o Comercial de S\u00e3o Paulo (ACSP) na regi\u00e3o central da capital paulista. Em 2021, o mesmo painel registrou aproximadamente R$ 2,6 trilh\u00f5es, aumento de 11,5% de um ano para o outro.<img decoding=\"async\" src=\"https:\/\/agenciabrasil.ebc.com.br\/ebc.png?id=1501849&amp;o=node\" \/><img decoding=\"async\" src=\"https:\/\/agenciabrasil.ebc.com.br\/ebc.gif?id=1501849&amp;o=node\" \/><\/p>\n<p>O montante \u00e9 a soma do valor arrecadado pelos governos federal, estadual e municipal incluindo taxas, contribui\u00e7\u00f5es, multas, juros e corre\u00e7\u00e3o monet\u00e1ria.<\/p>\n<p>\u201cO avan\u00e7o em 2022 aconteceu pela maior arrecada\u00e7\u00e3o de tributos federais, apesar das desonera\u00e7\u00f5es promovidas pelo governo, como foi o caso dos combust\u00edveis, energia el\u00e9trica e telecomunica\u00e7\u00f5es. E ainda tivemos infla\u00e7\u00e3o em n\u00edveis elevados, o que encarece produtos e servi\u00e7os\u201d, disse o economista do Instituto Gast\u00e3o Vidigal da ACSP, Ulisses Ruiz de Gamboa.<\/p>\n<p><span style=\"font-weight: 400;\">Fonte: Ag\u00eancia Brasil <\/span><\/p>\n","protected":false},"excerpt":{"rendered":"<p>Os impostos pagos pelos contribuintes brasileiros em todo o pa\u00eds em 2022 totalizaram R$ 2.890.489.835.290,32, de acordo com o Impost\u00f4metro, painel instalado pela Associa\u00e7\u00e3o Comercial de S\u00e3o Paulo (ACSP) na regi\u00e3o central da capital paulista. Em 2021, o mesmo painel registrou aproximadamente R$ 2,6 trilh\u00f5es, aumento de 11,5% de um ano para o outro. O [&hellip;]<\/p>\n","protected":false},"author":246,"featured_media":208630,"comment_status":"closed","ping_status":"closed","sticky":false,"template":"","format":"standard","meta":{"footnotes":""},"categories":[436,261,439],"tags":[],"class_list":["post-208629","post","type-post","status-publish","format-standard","has-post-thumbnail","hentry","category-destaque-da-semana","category-economia","category-ultima-hora"],"_links":{"self":[{"href":"https:\/\/diarioregionaldigital.com.br\/index.php?rest_route=\/wp\/v2\/posts\/208629","targetHints":{"allow":["GET"]}}],"collection":[{"href":"https:\/\/diarioregionaldigital.com.br\/index.php?rest_route=\/wp\/v2\/posts"}],"about":[{"href":"https:\/\/diarioregionaldigital.com.br\/index.php?rest_route=\/wp\/v2\/types\/post"}],"author":[{"embeddable":true,"href":"https:\/\/diarioregionaldigital.com.br\/index.php?rest_route=\/wp\/v2\/users\/246"}],"replies":[{"embeddable":true,"href":"https:\/\/diarioregionaldigital.com.br\/index.php?rest_route=%2Fwp%2Fv2%2Fcomments&post=208629"}],"version-history":[{"count":1,"href":"https:\/\/diarioregionaldigital.com.br\/index.php?rest_route=\/wp\/v2\/posts\/208629\/revisions"}],"predecessor-version":[{"id":208631,"href":"https:\/\/diarioregionaldigital.com.br\/index.php?rest_route=\/wp\/v2\/posts\/208629\/revisions\/208631"}],"wp:featuredmedia":[{"embeddable":true,"href":"https:\/\/diarioregionaldigital.com.br\/index.php?rest_route=\/wp\/v2\/media\/208630"}],"wp:attachment":[{"href":"https:\/\/diarioregionaldigital.com.br\/index.php?rest_route=%2Fwp%2Fv2%2Fmedia&parent=208629"}],"wp:term":[{"taxonomy":"category","embeddable":true,"href":"https:\/\/diarioregionaldigital.com.br\/index.php?rest_route=%2Fwp%2Fv2%2Fcategories&post=208629"},{"taxonomy":"post_tag","embeddable":true,"href":"https:\/\/diarioregionaldigital.com.br\/index.php?rest_route=%2Fwp%2Fv2%2Ftags&post=208629"}],"curies":[{"name":"wp","href":"https:\/\/api.w.org\/{rel}","templated":true}]}}