{"id":208626,"date":"2023-01-04T18:00:47","date_gmt":"2023-01-04T21:00:47","guid":{"rendered":"https:\/\/diarioregionaldigital.com.br\/?p=208626"},"modified":"2023-01-04T18:00:47","modified_gmt":"2023-01-04T21:00:47","slug":"eletrobras-aprova-programa-de-recompra-de-acoes","status":"publish","type":"post","link":"https:\/\/diarioregionaldigital.com.br\/?p=208626","title":{"rendered":"Eletrobras aprova programa de recompra de a\u00e7\u00f5es"},"content":{"rendered":"<p>A Eletrobras aprovou um programa que permite \u00e0 empresa recomprar at\u00e9 202.111.946 a\u00e7\u00f5es ordin\u00e1rias e at\u00e9 27.552.681 a\u00e7\u00f5es preferenciais B, o que representa 10% do total em circula\u00e7\u00e3o na bolsa de valores brasileira (B3). Todas as opera\u00e7\u00f5es ser\u00e3o realizadas a pre\u00e7o de mercado. O prazo m\u00e1ximo para conclus\u00e3o \u00e9 de 18 meses, encerrando-se em\u00a02 de julho\u00a0de 2024.<img decoding=\"async\" src=\"https:\/\/agenciabrasil.ebc.com.br\/ebc.png?id=1501927&amp;o=node\" \/><img decoding=\"async\" src=\"https:\/\/agenciabrasil.ebc.com.br\/ebc.gif?id=1501927&amp;o=node\" \/><\/p>\n<p>Os detalhes da medida constam em comunicado aos investidores\u00a0publicado\u00a0ontem\u00a0(3). Ap\u00f3s o an\u00fancio, as a\u00e7\u00f5es da empresa subiram\u00a0hoje\u00a0(4). Por volta de 16h, a ELET3 registrava alta de 3,24%, enquanto a ELET6 acumulava ganhos de 2,66%.<\/p>\n<p>O programa prev\u00ea que as a\u00e7\u00f5es recompradas sejam posteriormente canceladas, alienadas ou mantidas em tesouraria, sem redu\u00e7\u00e3o do capital social. Segundo o comunicado, o objetivo \u00e9 &#8220;incrementar o valor aos acionistas pela aplica\u00e7\u00e3o eficiente dos recursos dispon\u00edveis em caixa, otimizando a aloca\u00e7\u00e3o de capital&#8221;.<\/p>\n<p>A Eletrobras informa ainda que os membros do Conselho de Administra\u00e7\u00e3o consideraram que a situa\u00e7\u00e3o financeira atual \u00e9 compat\u00edvel com a execu\u00e7\u00e3o do programa e que n\u00e3o haver\u00e1 preju\u00edzo para o cumprimento das obriga\u00e7\u00f5es assumidas com credores ou acionistas no curto prazo. Acrescentou tamb\u00e9m que a recompra s\u00f3 ser\u00e1 efetivada se houver recursos dispon\u00edveis.<\/p>\n<p>Ainda conforme o comunicado divulgado, as a\u00e7\u00f5es em tesouraria poder\u00e3o ser usadas para atender aos Planos de Remunera\u00e7\u00e3o Baseado em Op\u00e7\u00f5es de Compra de A\u00e7\u00f5es e Remunera\u00e7\u00e3o Baseado em A\u00e7\u00f5es Restritas, aprovados em assembleia geral. Tamb\u00e9m podem ser destinadas &#8220;para saldar obriga\u00e7\u00f5es decorrentes de seus passivos relativos a demandas judiciais que discutem diferen\u00e7a de corre\u00e7\u00e3o monet\u00e1ria dos cr\u00e9ditos de Empr\u00e9stimo Compuls\u00f3rio de Energia (ECE) ou constitucionalidade do tributo&#8221;.<\/p>\n<p>Criada em 1962 para coordenar empresas do setor el\u00e9trico, a Eletrobras \u00e9 uma sociedade de economia mista e de capital aberto.<\/p>\n<p>Embora venha registrando lucros l\u00edquidos anuais desde 2018, o ent\u00e3o presidente Jair Bolsonaro incluiu a companhia no Programa Nacional de Desestatiza\u00e7\u00e3o desenvolvido durante seu mandato, alegando que a medida possibilitaria \u00e0 empresa melhorar sua capacidade de investimento e contribuir para o desenvolvimento do setor energ\u00e9tico brasileiro.<\/p>\n<p>No ano passado, foram\u00a0emitidas\u00a0<a href=\"https:\/\/agenciabrasil.ebc.com.br\/economia\/noticia\/2022-06\/evento-na-b3-marca-inicio-da-privatizacao-da-eletrobras\" target=\"_blank\" rel=\"noopener\">a\u00e7\u00f5es\u00a0<\/a> que reduziram a participa\u00e7\u00e3o da Uni\u00e3o no capital votante para menos da metade.<\/p>\n<p><span style=\"font-weight: 400;\">Fonte: Ag\u00eancia Brasil <\/span><\/p>\n","protected":false},"excerpt":{"rendered":"<p>A Eletrobras aprovou um programa que permite \u00e0 empresa recomprar at\u00e9 202.111.946 a\u00e7\u00f5es ordin\u00e1rias e at\u00e9 27.552.681 a\u00e7\u00f5es preferenciais B, o que representa 10% do total em circula\u00e7\u00e3o na bolsa de valores brasileira (B3). Todas as opera\u00e7\u00f5es ser\u00e3o realizadas a pre\u00e7o de mercado. O prazo m\u00e1ximo para conclus\u00e3o \u00e9 de 18 meses, encerrando-se em\u00a02 de [&hellip;]<\/p>\n","protected":false},"author":246,"featured_media":208627,"comment_status":"closed","ping_status":"closed","sticky":false,"template":"","format":"standard","meta":{"footnotes":""},"categories":[436,440,261,439],"tags":[],"class_list":["post-208626","post","type-post","status-publish","format-standard","has-post-thumbnail","hentry","category-destaque-da-semana","category-destaques-do-dia","category-economia","category-ultima-hora"],"_links":{"self":[{"href":"https:\/\/diarioregionaldigital.com.br\/index.php?rest_route=\/wp\/v2\/posts\/208626","targetHints":{"allow":["GET"]}}],"collection":[{"href":"https:\/\/diarioregionaldigital.com.br\/index.php?rest_route=\/wp\/v2\/posts"}],"about":[{"href":"https:\/\/diarioregionaldigital.com.br\/index.php?rest_route=\/wp\/v2\/types\/post"}],"author":[{"embeddable":true,"href":"https:\/\/diarioregionaldigital.com.br\/index.php?rest_route=\/wp\/v2\/users\/246"}],"replies":[{"embeddable":true,"href":"https:\/\/diarioregionaldigital.com.br\/index.php?rest_route=%2Fwp%2Fv2%2Fcomments&post=208626"}],"version-history":[{"count":1,"href":"https:\/\/diarioregionaldigital.com.br\/index.php?rest_route=\/wp\/v2\/posts\/208626\/revisions"}],"predecessor-version":[{"id":208628,"href":"https:\/\/diarioregionaldigital.com.br\/index.php?rest_route=\/wp\/v2\/posts\/208626\/revisions\/208628"}],"wp:featuredmedia":[{"embeddable":true,"href":"https:\/\/diarioregionaldigital.com.br\/index.php?rest_route=\/wp\/v2\/media\/208627"}],"wp:attachment":[{"href":"https:\/\/diarioregionaldigital.com.br\/index.php?rest_route=%2Fwp%2Fv2%2Fmedia&parent=208626"}],"wp:term":[{"taxonomy":"category","embeddable":true,"href":"https:\/\/diarioregionaldigital.com.br\/index.php?rest_route=%2Fwp%2Fv2%2Fcategories&post=208626"},{"taxonomy":"post_tag","embeddable":true,"href":"https:\/\/diarioregionaldigital.com.br\/index.php?rest_route=%2Fwp%2Fv2%2Ftags&post=208626"}],"curies":[{"name":"wp","href":"https:\/\/api.w.org\/{rel}","templated":true}]}}