{"id":208619,"date":"2023-01-03T20:27:06","date_gmt":"2023-01-03T23:27:06","guid":{"rendered":"https:\/\/diarioregionaldigital.com.br\/?p=208619"},"modified":"2023-01-03T20:27:06","modified_gmt":"2023-01-03T23:27:06","slug":"no-primeiro-dia-util-do-ano-pjf-atende-15-vias-com-operacao-tapa-buracos","status":"publish","type":"post","link":"https:\/\/diarioregionaldigital.com.br\/?p=208619","title":{"rendered":"No primeiro dia \u00fatil do ano, PJF atende 15 vias com opera\u00e7\u00e3o tapa-buracos"},"content":{"rendered":"<p>Segundo informa\u00e7\u00f5es do site da Prefeitura de Juiz de fora (PJF), o\u00a0novo ano j\u00e1 come\u00e7ou produtivo para as equipes de tapa-buracos da Prefeitura de Juiz de Fora (PJF). Nesta segunda-feira, 2, a PJF esteve presente em 15 vias de 11 bairros do munic\u00edpio.<br \/>\nCom cerca de 270 recomposi\u00e7\u00f5es realizadas, as equipes da Empresa Municipal de Pavimenta\u00e7\u00e3o e Urbanidades (Empav) aplicaram quase 90 toneladas de massa asf\u00e1ltica. Entre os bairros atendidos nesta segunda, destaque para o Granbery, com atendimentos nas ruas Bar\u00e3o de Santa Helena e Delfim Moreira, e Santa Luzia, com as ruas Victor Spagnolo e Jos\u00e9 Nunes Leal.<br \/>\nOutra via de grande fluxo de ve\u00edculos que tamb\u00e9m recebeu os trabalhos de recomposi\u00e7\u00e3o asf\u00e1ltica foi a Avenida Bar\u00e3o do Rio Branco, na altura do bairro Manoel Hon\u00f3rio.<br \/>\n<strong>Confira as demais ruas atendidas:\u00a0<\/strong><br \/>\nAvenida Presidente Juscelino Kubitschek (J\u00f3quei Clube I)<\/p>\n<p>Rua Henrique Dias (Benfica)<\/p>\n<p>Avenida Brasil<\/p>\n<p>Rua Jo\u00e3o de Deus Pereira (Santo Ant\u00f4nio)<\/p>\n<p>Rua Oliv\u00e9rio Pires de Carvalho (Recanto dos Lagos)<\/p>\n<p>Avenida Rui Barbosa (Santa Terezinha)<\/p>\n<p>Avenida Pedro Henrique Krambeck (S\u00e3o Pedro)<\/p>\n<p>Rua Roberto Stiegert (S\u00e3o Pedro)<\/p>\n<p>Avenida Eug\u00eanio do Nascimento (Aeroporto)<\/p>\n<p>Rua Mario Crispim (Bosque do Imperador)<br \/>\nOs trabalhos seguem em andamento nesta ter\u00e7a-feira, 3. A previs\u00e3o \u00e9 que 12 bairros sejam atendidos ao longo do dia.<br \/>\nA programa\u00e7\u00e3o di\u00e1ria das atividades realizadas pela Prefeitura de Juiz de Fora pode ser conferida na p\u00e1gina do Gabinete de A\u00e7\u00e3o e Di\u00e1logo Comunit\u00e1rio atrav\u00e9s do<a href=\"https:\/\/www.pjf.mg.gov.br\/gabinetecomunitario\/#onde\">\u00a0link.<\/a><br \/>\nTodas as a\u00e7\u00f5es de reestrutura\u00e7\u00e3o, urbaniza\u00e7\u00e3o e zeladoria realizadas pela Empav fazem parte do Programa Boniteza. Estes e outros servi\u00e7os podem ser solicitados atrav\u00e9s do Gabinete de A\u00e7\u00e3o e Di\u00e1logo Comunit\u00e1rio, que recebe e organiza pedidos relativos a interven\u00e7\u00f5es e melhorias urbanas. O contato pode ser feito por liga\u00e7\u00e3o telef\u00f4nica, pelo n\u00famero (32) 3690-7241 ou, ainda, via WhatsApp, utilizando o mesmo n\u00famero.<\/p>\n","protected":false},"excerpt":{"rendered":"<p>Segundo informa\u00e7\u00f5es do site da Prefeitura de Juiz de fora (PJF), o\u00a0novo ano j\u00e1 come\u00e7ou produtivo para as equipes de tapa-buracos da Prefeitura de Juiz de Fora (PJF). Nesta segunda-feira, 2, a PJF esteve presente em 15 vias de 11 bairros do munic\u00edpio. Com cerca de 270 recomposi\u00e7\u00f5es realizadas, as equipes da Empresa Municipal de [&hellip;]<\/p>\n","protected":false},"author":246,"featured_media":208620,"comment_status":"closed","ping_status":"closed","sticky":false,"template":"","format":"standard","meta":{"footnotes":""},"categories":[253,436,439],"tags":[],"class_list":["post-208619","post","type-post","status-publish","format-standard","has-post-thumbnail","hentry","category-cidade","category-destaque-da-semana","category-ultima-hora"],"_links":{"self":[{"href":"https:\/\/diarioregionaldigital.com.br\/index.php?rest_route=\/wp\/v2\/posts\/208619","targetHints":{"allow":["GET"]}}],"collection":[{"href":"https:\/\/diarioregionaldigital.com.br\/index.php?rest_route=\/wp\/v2\/posts"}],"about":[{"href":"https:\/\/diarioregionaldigital.com.br\/index.php?rest_route=\/wp\/v2\/types\/post"}],"author":[{"embeddable":true,"href":"https:\/\/diarioregionaldigital.com.br\/index.php?rest_route=\/wp\/v2\/users\/246"}],"replies":[{"embeddable":true,"href":"https:\/\/diarioregionaldigital.com.br\/index.php?rest_route=%2Fwp%2Fv2%2Fcomments&post=208619"}],"version-history":[{"count":1,"href":"https:\/\/diarioregionaldigital.com.br\/index.php?rest_route=\/wp\/v2\/posts\/208619\/revisions"}],"predecessor-version":[{"id":208621,"href":"https:\/\/diarioregionaldigital.com.br\/index.php?rest_route=\/wp\/v2\/posts\/208619\/revisions\/208621"}],"wp:featuredmedia":[{"embeddable":true,"href":"https:\/\/diarioregionaldigital.com.br\/index.php?rest_route=\/wp\/v2\/media\/208620"}],"wp:attachment":[{"href":"https:\/\/diarioregionaldigital.com.br\/index.php?rest_route=%2Fwp%2Fv2%2Fmedia&parent=208619"}],"wp:term":[{"taxonomy":"category","embeddable":true,"href":"https:\/\/diarioregionaldigital.com.br\/index.php?rest_route=%2Fwp%2Fv2%2Fcategories&post=208619"},{"taxonomy":"post_tag","embeddable":true,"href":"https:\/\/diarioregionaldigital.com.br\/index.php?rest_route=%2Fwp%2Fv2%2Ftags&post=208619"}],"curies":[{"name":"wp","href":"https:\/\/api.w.org\/{rel}","templated":true}]}}