{"id":208616,"date":"2023-01-03T20:25:15","date_gmt":"2023-01-03T23:25:15","guid":{"rendered":"https:\/\/diarioregionaldigital.com.br\/?p=208616"},"modified":"2023-01-03T20:25:15","modified_gmt":"2023-01-03T23:25:15","slug":"pjf-age-rapidamente-no-recolhimento-de-arvores-e-galhos-caidos-apos-temporal","status":"publish","type":"post","link":"https:\/\/diarioregionaldigital.com.br\/?p=208616","title":{"rendered":"PJF age rapidamente no recolhimento de \u00e1rvores e galhos ca\u00eddos ap\u00f3s temporal"},"content":{"rendered":"<p>Segundo informa\u00e7\u00f5es do site da Prefeitura de Juiz de fora (PJF), com a forte chuva que atingiu a cidade no come\u00e7o da tarde desta ter\u00e7a-feira, 3, a Prefeitura de Juiz de Fora (PJF) registrou a queda de \u00e1rvores em v\u00e1rios bairros do munic\u00edpio. Para minimizar os impactos do temporal e liberar as vias interditadas, a PJF atuou para o recolhimento de \u00e1rvores e galhos ca\u00eddos.<\/p>\n<p>At\u00e9 as 16h desta ter\u00e7a, as quedas de galhos e \u00e1rvores haviam sido registradas em cinco bairros: Centro, S\u00e3o Mateus, Nossa Senhora de Lourdes, Graminha e Monte Verde. Todos os locais seguem com os atendimentos em andamento, sendo necess\u00e1rio o apoio da Companhia Energ\u00e9tica de Minas Gerais (Cemig) em alguns pontos para desenergizar os cabos de alta tens\u00e3o.<\/p>\n<p>As a\u00e7\u00f5es contam com execu\u00e7\u00e3o da Empresa Municipal de Pavimenta\u00e7\u00e3o e Urbanidades (Empav), apoio da Secretaria de Mobilidade Urbana (SMU) na conten\u00e7\u00e3o e organiza\u00e7\u00e3o do tr\u00e2nsito, da Secretaria de Seguran\u00e7a Urbana e Cidadania (Sesuc) no monitoramento e acompanhamento de ocorr\u00eancias, e do Departamento Municipal de Limpeza Urbana (Demlurb) no recolhimento de res\u00edduos.<\/p>\n<p><strong>A\u00e7\u00f5es preventivas<\/strong><\/p>\n<p>\u00c9 v\u00e1lido ressaltar que a Empav segue priorizando a execu\u00e7\u00e3o de podas e cortes em \u00e1rvores com risco iminente de queda, cujos laudos s\u00e3o emitidos pela Secretaria de Sustentabilidade em Meio Ambiente e Atividades Urbanas (Sesmaur). Em 2022 foram realizadas quase cinco mil podas, entre dr\u00e1sticas e simples, e cerca de 530 cortes. Todas as interven\u00e7\u00f5es s\u00e3o realizadas ap\u00f3s an\u00e1lise individual de profissionais competentes.<\/p>\n","protected":false},"excerpt":{"rendered":"<p>Segundo informa\u00e7\u00f5es do site da Prefeitura de Juiz de fora (PJF), com a forte chuva que atingiu a cidade no come\u00e7o da tarde desta ter\u00e7a-feira, 3, a Prefeitura de Juiz de Fora (PJF) registrou a queda de \u00e1rvores em v\u00e1rios bairros do munic\u00edpio. Para minimizar os impactos do temporal e liberar as vias interditadas, a [&hellip;]<\/p>\n","protected":false},"author":246,"featured_media":208617,"comment_status":"closed","ping_status":"closed","sticky":false,"template":"","format":"standard","meta":{"footnotes":""},"categories":[253,436,439],"tags":[],"class_list":["post-208616","post","type-post","status-publish","format-standard","has-post-thumbnail","hentry","category-cidade","category-destaque-da-semana","category-ultima-hora"],"_links":{"self":[{"href":"https:\/\/diarioregionaldigital.com.br\/index.php?rest_route=\/wp\/v2\/posts\/208616","targetHints":{"allow":["GET"]}}],"collection":[{"href":"https:\/\/diarioregionaldigital.com.br\/index.php?rest_route=\/wp\/v2\/posts"}],"about":[{"href":"https:\/\/diarioregionaldigital.com.br\/index.php?rest_route=\/wp\/v2\/types\/post"}],"author":[{"embeddable":true,"href":"https:\/\/diarioregionaldigital.com.br\/index.php?rest_route=\/wp\/v2\/users\/246"}],"replies":[{"embeddable":true,"href":"https:\/\/diarioregionaldigital.com.br\/index.php?rest_route=%2Fwp%2Fv2%2Fcomments&post=208616"}],"version-history":[{"count":1,"href":"https:\/\/diarioregionaldigital.com.br\/index.php?rest_route=\/wp\/v2\/posts\/208616\/revisions"}],"predecessor-version":[{"id":208618,"href":"https:\/\/diarioregionaldigital.com.br\/index.php?rest_route=\/wp\/v2\/posts\/208616\/revisions\/208618"}],"wp:featuredmedia":[{"embeddable":true,"href":"https:\/\/diarioregionaldigital.com.br\/index.php?rest_route=\/wp\/v2\/media\/208617"}],"wp:attachment":[{"href":"https:\/\/diarioregionaldigital.com.br\/index.php?rest_route=%2Fwp%2Fv2%2Fmedia&parent=208616"}],"wp:term":[{"taxonomy":"category","embeddable":true,"href":"https:\/\/diarioregionaldigital.com.br\/index.php?rest_route=%2Fwp%2Fv2%2Fcategories&post=208616"},{"taxonomy":"post_tag","embeddable":true,"href":"https:\/\/diarioregionaldigital.com.br\/index.php?rest_route=%2Fwp%2Fv2%2Ftags&post=208616"}],"curies":[{"name":"wp","href":"https:\/\/api.w.org\/{rel}","templated":true}]}}