{"id":208613,"date":"2023-01-03T20:23:33","date_gmt":"2023-01-03T23:23:33","guid":{"rendered":"https:\/\/diarioregionaldigital.com.br\/?p=208613"},"modified":"2023-01-03T20:23:33","modified_gmt":"2023-01-03T23:23:33","slug":"pjf-convida-para-reuniao-sobre-o-projeto-respiro-urbano-no-furtado-de-menezes","status":"publish","type":"post","link":"https:\/\/diarioregionaldigital.com.br\/?p=208613","title":{"rendered":"PJF convida para reuni\u00e3o sobre o projeto Respiro Urbano no Furtado de Menezes"},"content":{"rendered":"<p>Segundo informa\u00e7\u00f5es do site da Prefeitura de Juiz de fora (PJF), o\u00a0projeto Respiro Urbano da Prefeitura de Juiz de Fora (PJF) tem como objetivo transformar \u00e1reas p\u00fablicas inutilizadas em espa\u00e7os de conviv\u00eancia social. A iniciativa chegar\u00e1 ao bairro Furtado de Menezes. Por isso, a Prefeitura de Juiz de Fora (PJF) convida os moradores para dialogarem sobre quais atividades ser\u00e3o implantadas no local. O encontro ser\u00e1 realizado na rotat\u00f3ria da rua General Benjamin Fonseca nesta quarta-feira, 4, \u00e0s 17h.<\/p>\n<p>O projeto \u00e9 uma a\u00e7\u00e3o de reabilita\u00e7\u00e3o e gest\u00e3o de fragmentos de \u00e1reas p\u00fablicas.\u00a0 Para a primeira fase, quatro \u00e1reas receber\u00e3o as interven\u00e7\u00f5es do Respiro Urbano. Al\u00e9m da Vila Furtado de Menezes, ser\u00e3o contemplados os bairros Bela Aurora, Vila Ozanan e S\u00e3o Pedro.<\/p>\n<p>A iniciativa possibilita a promo\u00e7\u00e3o, por exemplo, de pr\u00e1ticas agroecol\u00f3gicas e sustent\u00e1veis, como horta urbana; manifesta\u00e7\u00f5es culturais, como grafite e pinturas; atividades econ\u00f4micas de baixa complexidade, como feiras e food trucks; e cria\u00e7\u00e3o de uma infraestrutura verde e sustent\u00e1vel, como ponto de recolhimento de pilhas, baterias e eletroeletr\u00f4nicos de pequenos volumes.<\/p>\n","protected":false},"excerpt":{"rendered":"<p>Segundo informa\u00e7\u00f5es do site da Prefeitura de Juiz de fora (PJF), o\u00a0projeto Respiro Urbano da Prefeitura de Juiz de Fora (PJF) tem como objetivo transformar \u00e1reas p\u00fablicas inutilizadas em espa\u00e7os de conviv\u00eancia social. A iniciativa chegar\u00e1 ao bairro Furtado de Menezes. Por isso, a Prefeitura de Juiz de Fora (PJF) convida os moradores para dialogarem [&hellip;]<\/p>\n","protected":false},"author":246,"featured_media":208614,"comment_status":"closed","ping_status":"closed","sticky":false,"template":"","format":"standard","meta":{"footnotes":""},"categories":[253,436,439],"tags":[],"class_list":["post-208613","post","type-post","status-publish","format-standard","has-post-thumbnail","hentry","category-cidade","category-destaque-da-semana","category-ultima-hora"],"_links":{"self":[{"href":"https:\/\/diarioregionaldigital.com.br\/index.php?rest_route=\/wp\/v2\/posts\/208613","targetHints":{"allow":["GET"]}}],"collection":[{"href":"https:\/\/diarioregionaldigital.com.br\/index.php?rest_route=\/wp\/v2\/posts"}],"about":[{"href":"https:\/\/diarioregionaldigital.com.br\/index.php?rest_route=\/wp\/v2\/types\/post"}],"author":[{"embeddable":true,"href":"https:\/\/diarioregionaldigital.com.br\/index.php?rest_route=\/wp\/v2\/users\/246"}],"replies":[{"embeddable":true,"href":"https:\/\/diarioregionaldigital.com.br\/index.php?rest_route=%2Fwp%2Fv2%2Fcomments&post=208613"}],"version-history":[{"count":1,"href":"https:\/\/diarioregionaldigital.com.br\/index.php?rest_route=\/wp\/v2\/posts\/208613\/revisions"}],"predecessor-version":[{"id":208615,"href":"https:\/\/diarioregionaldigital.com.br\/index.php?rest_route=\/wp\/v2\/posts\/208613\/revisions\/208615"}],"wp:featuredmedia":[{"embeddable":true,"href":"https:\/\/diarioregionaldigital.com.br\/index.php?rest_route=\/wp\/v2\/media\/208614"}],"wp:attachment":[{"href":"https:\/\/diarioregionaldigital.com.br\/index.php?rest_route=%2Fwp%2Fv2%2Fmedia&parent=208613"}],"wp:term":[{"taxonomy":"category","embeddable":true,"href":"https:\/\/diarioregionaldigital.com.br\/index.php?rest_route=%2Fwp%2Fv2%2Fcategories&post=208613"},{"taxonomy":"post_tag","embeddable":true,"href":"https:\/\/diarioregionaldigital.com.br\/index.php?rest_route=%2Fwp%2Fv2%2Ftags&post=208613"}],"curies":[{"name":"wp","href":"https:\/\/api.w.org\/{rel}","templated":true}]}}