{"id":208610,"date":"2023-01-03T20:21:19","date_gmt":"2023-01-03T23:21:19","guid":{"rendered":"https:\/\/diarioregionaldigital.com.br\/?p=208610"},"modified":"2023-01-03T20:21:19","modified_gmt":"2023-01-03T23:21:19","slug":"procon-apresenta-balanco-com-numeros-de-2022","status":"publish","type":"post","link":"https:\/\/diarioregionaldigital.com.br\/?p=208610","title":{"rendered":"Procon apresenta balan\u00e7o com n\u00fameros de 2022"},"content":{"rendered":"<p>Segundo informa\u00e7\u00f5es do site da Prefeitura de Juiz de fora (PJF), a\u00a0equipe da Ag\u00eancia de Prote\u00e7\u00e3o e Defesa do Consumidor (Procon) da Prefeitura de Juiz de Fora (PJF) apresentou o Relat\u00f3rio de Atividades do ano de 2022 \u00e0 Secretaria de Governo e \u00e0 prefeita, Margarida Salom\u00e3o, o qual contou com diversas a\u00e7\u00f5es.<\/p>\n<p>Com palestrantes e convidados de todo o Brasil, foi realizado o \u201cEncontro Brasileiro de Procons\u201d, no m\u00eas de maio, que debateu os mais contempor\u00e2neos assuntos sobre Direitos do Consumidor, bem como tem\u00e1ticas de estrutura\u00e7\u00e3o e fortalecimento de Procons e regionais em todo pa\u00eds.<br \/>\nForam relatados, atrav\u00e9s do Departamento de Atendimento ao Consumidor (DACT), a realiza\u00e7\u00e3o de mais de 25 mil atendimentos presenciais, cerca de 4 mil atendimentos de retorno, al\u00e9m de mais de 4 mil audi\u00eancias realizadas ao longo do ano.<br \/>\nJ\u00e1 o Departamento de Estudos, Pesquisas e Projetos (DEPP), entre diversas a\u00e7\u00f5es educativas, realizou mais de 40 atividades com atendimento atrav\u00e9s do Procon M\u00f3vel. Al\u00e9m disso, publicou 70 pesquisas de pre\u00e7o e comportamentais,\u00a0al\u00e9m da elabora\u00e7\u00e3o de 25 cartilhas educacionais. Ao todo, foram produzidos pelo setor 65 eventos, entre cursos ministrados e workshops de capacita\u00e7\u00e3o.<br \/>\nPor fim, dados do Departamento de Apura\u00e7\u00e3o de Pr\u00e1ticas Infrativas (DAPI) apontam para realiza\u00e7\u00e3o de mais de 1.700 visitas a estabelecimentos comerciais, com expedi\u00e7\u00e3o de cerca de 300 documentos fiscais.<br \/>\nA superintendente do Procon\/JF, Tainah Marrazzo, espera que em 2023 os n\u00fameros sejam ainda mais expressivos. \u201cTrabalhamos muito, mas precisamos inverter os dados. O ideal \u00e9 que as a\u00e7\u00f5es educativas e preventivas superem as repressivas. Somente assim, teremos rela\u00e7\u00f5es de consumo mais harm\u00f4nicas e um mercado menos beligerante. N\u00e3o se pode perpetuar pautas de viola\u00e7\u00e3o aos direitos do consumidor. \u00c9 preciso buscar, diuturnamente, a ideia de autocomposi\u00e7\u00e3o e \u2018complience\u2019, para fins de reduzir as agress\u00f5es mercantis e os n\u00fameros da litig\u00e2ncia no Brasil\u201d.<\/p>\n<p>&nbsp;<\/p>\n","protected":false},"excerpt":{"rendered":"<p>Segundo informa\u00e7\u00f5es do site da Prefeitura de Juiz de fora (PJF), a\u00a0equipe da Ag\u00eancia de Prote\u00e7\u00e3o e Defesa do Consumidor (Procon) da Prefeitura de Juiz de Fora (PJF) apresentou o Relat\u00f3rio de Atividades do ano de 2022 \u00e0 Secretaria de Governo e \u00e0 prefeita, Margarida Salom\u00e3o, o qual contou com diversas a\u00e7\u00f5es. Com palestrantes e [&hellip;]<\/p>\n","protected":false},"author":246,"featured_media":208611,"comment_status":"closed","ping_status":"closed","sticky":false,"template":"","format":"standard","meta":{"footnotes":""},"categories":[253,436,439],"tags":[],"class_list":["post-208610","post","type-post","status-publish","format-standard","has-post-thumbnail","hentry","category-cidade","category-destaque-da-semana","category-ultima-hora"],"_links":{"self":[{"href":"https:\/\/diarioregionaldigital.com.br\/index.php?rest_route=\/wp\/v2\/posts\/208610","targetHints":{"allow":["GET"]}}],"collection":[{"href":"https:\/\/diarioregionaldigital.com.br\/index.php?rest_route=\/wp\/v2\/posts"}],"about":[{"href":"https:\/\/diarioregionaldigital.com.br\/index.php?rest_route=\/wp\/v2\/types\/post"}],"author":[{"embeddable":true,"href":"https:\/\/diarioregionaldigital.com.br\/index.php?rest_route=\/wp\/v2\/users\/246"}],"replies":[{"embeddable":true,"href":"https:\/\/diarioregionaldigital.com.br\/index.php?rest_route=%2Fwp%2Fv2%2Fcomments&post=208610"}],"version-history":[{"count":1,"href":"https:\/\/diarioregionaldigital.com.br\/index.php?rest_route=\/wp\/v2\/posts\/208610\/revisions"}],"predecessor-version":[{"id":208612,"href":"https:\/\/diarioregionaldigital.com.br\/index.php?rest_route=\/wp\/v2\/posts\/208610\/revisions\/208612"}],"wp:featuredmedia":[{"embeddable":true,"href":"https:\/\/diarioregionaldigital.com.br\/index.php?rest_route=\/wp\/v2\/media\/208611"}],"wp:attachment":[{"href":"https:\/\/diarioregionaldigital.com.br\/index.php?rest_route=%2Fwp%2Fv2%2Fmedia&parent=208610"}],"wp:term":[{"taxonomy":"category","embeddable":true,"href":"https:\/\/diarioregionaldigital.com.br\/index.php?rest_route=%2Fwp%2Fv2%2Fcategories&post=208610"},{"taxonomy":"post_tag","embeddable":true,"href":"https:\/\/diarioregionaldigital.com.br\/index.php?rest_route=%2Fwp%2Fv2%2Ftags&post=208610"}],"curies":[{"name":"wp","href":"https:\/\/api.w.org\/{rel}","templated":true}]}}