{"id":208604,"date":"2023-01-03T20:13:37","date_gmt":"2023-01-03T23:13:37","guid":{"rendered":"https:\/\/diarioregionaldigital.com.br\/?p=208604"},"modified":"2023-01-03T20:13:37","modified_gmt":"2023-01-03T23:13:37","slug":"pele-e-sepultado-apos-cortejo-por-ruas-de-santos","status":"publish","type":"post","link":"https:\/\/diarioregionaldigital.com.br\/?p=208604","title":{"rendered":"Pel\u00e9 \u00e9 sepultado ap\u00f3s cortejo por ruas de Santos"},"content":{"rendered":"<p>O corpo do Rei do Futebol, Pel\u00e9, foi sepultado na tarde desta ter\u00e7a-feira (3) no Memorial Necr\u00f3pole Ecum\u00eanica, em Santos, em uma cerim\u00f4nia reservada que contou apenas com a presen\u00e7a de familiares e amigos pr\u00f3ximos.<img decoding=\"async\" src=\"https:\/\/agenciabrasil.ebc.com.br\/ebc.png?id=1501727&amp;o=node\" \/><img decoding=\"async\" src=\"https:\/\/agenciabrasil.ebc.com.br\/ebc.gif?id=1501727&amp;o=node\" \/><\/p>\n<p>O sepultamento teve in\u00edcio por volta das 14h (hor\u00e1rio de Bras\u00edlia), ap\u00f3s o carro de bombeiros percorrer as ruas de Santos com o corpo de Edson Arantes do Nascimento em um cortejo que durou cerca de tr\u00eas horas e meia.<\/p>\n<p>No Memorial, o corpo de Pel\u00e9 ficar\u00e1 em uma mausol\u00e9u no primeiro andar do Memorial Necr\u00f3pole Ecum\u00eanica. O corpo do pai do Rei do Futebol, Dondinho, est\u00e1 sepultado no mesmo Memorial.<\/p>\n<h2>Vel\u00f3rio e cortejo<\/h2>\n<p>Mais de 230 mil torcedores prestaram as \u00faltimas homenagens a Pel\u00e9, cujo vel\u00f3rio aberto ao p\u00fablico chegou ao fim \u00e0s 10h desta ter\u00e7a-feira na Vila Belmiro, est\u00e1dio do Santos. Uma hora antes do t\u00e9rmino da cerim\u00f4nia, o presidente Luiz In\u00e1cio Lula da Silva chegou para dar o \u00faltimo adeus ao Rei do Futebol. Acompanhado da primeira-dama Ros\u00e2ngela da Silva, a Janja, e do ministro de Portos e Aeroportos, M\u00e1rcio Fran\u00e7a, Lula ficou ao lado do corpo do ex-jogador durante uma ora\u00e7\u00e3o em \u00e1rea reservada a familiares e autoridades que durou aproximadamente 20 minutos. O presidente deixou o est\u00e1dio sem falar com a imprensa. Em mensagem postada no Twitter, voltou a lamentar a morte de Pel\u00e9.<\/p>\n<p>Em depoimento gravado ao clube do Santos, Lula tamb\u00e9m relembrou os tempos no qual o Corinthians, seu time do cora\u00e7\u00e3o, era fregu\u00eas do Peixe.<\/p>\n<p>\u201cOlha, quem vai falar do Pel\u00e9 agora n\u00e3o \u00e9 o presidente da Rep\u00fablica. \u00c9 um torcedor do Corinthians que foi assistir muito jogo do Santos contra o Corinthians e que viu o Corinthians perder muito jogo. E me parece que o Pel\u00e9 tinha uma obsess\u00e3o de derrotar o Corinthians, ele tinha uma obsess\u00e3o de ganhar do Corinthians. Ent\u00e3o, foi um per\u00edodo de 15 anos muito sofrido para os corintianos, mas tinha uma coisa muito importante no Pel\u00e9: ele obrigava a gente a ir em qualquer lugar ver um jogo de futebol. Acho que o Pel\u00e9 simboliza tudo aquilo que \u00e9 ascens\u00e3o da esp\u00e9cie humana. Ele foi um jogador que, muito jovem, ganhou um protagonismo extraordin\u00e1rio e a coisa mais fant\u00e1stica \u00e9 que Pel\u00e9 nunca ficou mascarado, nunca ficou de nariz empinado, sempre foi um cidad\u00e3o humilde que conversava de igual para igual. Ele foi muito especial\u201d.<\/p>\n<p>Ap\u00f3s o fechamento dos port\u00f5es, o caix\u00e3o com o corpo de Pel\u00e9 deixou a Vila Belmiro em cima de um caminh\u00e3o dos bombeiros para cortejo pelas ruas da cidade litor\u00e2nea paulista. O trajeto incluiu a Avenida Coronel Joaquim Montenegro (Canal 6), na qual vive Celeste Arantes, m\u00e3e de Pel\u00e9.<\/p>\n<p><span style=\"font-weight: 400;\">Fonte: Ag\u00eancia Brasil <\/span><\/p>\n","protected":false},"excerpt":{"rendered":"<p>O corpo do Rei do Futebol, Pel\u00e9, foi sepultado na tarde desta ter\u00e7a-feira (3) no Memorial Necr\u00f3pole Ecum\u00eanica, em Santos, em uma cerim\u00f4nia reservada que contou apenas com a presen\u00e7a de familiares e amigos pr\u00f3ximos. O sepultamento teve in\u00edcio por volta das 14h (hor\u00e1rio de Bras\u00edlia), ap\u00f3s o carro de bombeiros percorrer as ruas de [&hellip;]<\/p>\n","protected":false},"author":246,"featured_media":208605,"comment_status":"closed","ping_status":"closed","sticky":false,"template":"","format":"standard","meta":{"footnotes":""},"categories":[436,257,439],"tags":[],"class_list":["post-208604","post","type-post","status-publish","format-standard","has-post-thumbnail","hentry","category-destaque-da-semana","category-esporte","category-ultima-hora"],"_links":{"self":[{"href":"https:\/\/diarioregionaldigital.com.br\/index.php?rest_route=\/wp\/v2\/posts\/208604","targetHints":{"allow":["GET"]}}],"collection":[{"href":"https:\/\/diarioregionaldigital.com.br\/index.php?rest_route=\/wp\/v2\/posts"}],"about":[{"href":"https:\/\/diarioregionaldigital.com.br\/index.php?rest_route=\/wp\/v2\/types\/post"}],"author":[{"embeddable":true,"href":"https:\/\/diarioregionaldigital.com.br\/index.php?rest_route=\/wp\/v2\/users\/246"}],"replies":[{"embeddable":true,"href":"https:\/\/diarioregionaldigital.com.br\/index.php?rest_route=%2Fwp%2Fv2%2Fcomments&post=208604"}],"version-history":[{"count":1,"href":"https:\/\/diarioregionaldigital.com.br\/index.php?rest_route=\/wp\/v2\/posts\/208604\/revisions"}],"predecessor-version":[{"id":208606,"href":"https:\/\/diarioregionaldigital.com.br\/index.php?rest_route=\/wp\/v2\/posts\/208604\/revisions\/208606"}],"wp:featuredmedia":[{"embeddable":true,"href":"https:\/\/diarioregionaldigital.com.br\/index.php?rest_route=\/wp\/v2\/media\/208605"}],"wp:attachment":[{"href":"https:\/\/diarioregionaldigital.com.br\/index.php?rest_route=%2Fwp%2Fv2%2Fmedia&parent=208604"}],"wp:term":[{"taxonomy":"category","embeddable":true,"href":"https:\/\/diarioregionaldigital.com.br\/index.php?rest_route=%2Fwp%2Fv2%2Fcategories&post=208604"},{"taxonomy":"post_tag","embeddable":true,"href":"https:\/\/diarioregionaldigital.com.br\/index.php?rest_route=%2Fwp%2Fv2%2Ftags&post=208604"}],"curies":[{"name":"wp","href":"https:\/\/api.w.org\/{rel}","templated":true}]}}