{"id":208601,"date":"2023-01-03T20:11:59","date_gmt":"2023-01-03T23:11:59","guid":{"rendered":"https:\/\/diarioregionaldigital.com.br\/?p=208601"},"modified":"2023-01-03T20:11:59","modified_gmt":"2023-01-03T23:11:59","slug":"meio-campista-gerson-retorna-ao-flamengo-com-contrato-ate-2027","status":"publish","type":"post","link":"https:\/\/diarioregionaldigital.com.br\/?p=208601","title":{"rendered":"Meio-campista Gerson retorna ao Flamengo com contrato at\u00e9 2027"},"content":{"rendered":"<p>Ap\u00f3s um ano e meio no Olympique de Marseille (Fran\u00e7a), o meio-campista Gerson est\u00e1 de volta ao Flamengo, time pelo qual foi campe\u00e3o da Copa Libertadores (2019) e Campeonato Brasileiro (2020). \u00a0O jogador, que tamb\u00e9m atua como volante, \u00e9 o primeiro refor\u00e7o do time carioca para a temporada 2023. Considerado um coringa em campo, Gerson, de 25 anos, assinou contrato at\u00e9 dezembro de 2027.<img decoding=\"async\" src=\"https:\/\/agenciabrasil.ebc.com.br\/ebc.png?id=1501709&amp;o=node\" \/><img decoding=\"async\" src=\"https:\/\/agenciabrasil.ebc.com.br\/ebc.gif?id=1501709&amp;o=node\" \/><\/p>\n<p>Nascido em Belford Roxo, na Baixada Fluminense, Gerson iniciou sua primeira passagem pelo Rubro-Negro em meados de 2019, integrando o elenco mais vitorioso do clube nos \u00faltimos anos. Al\u00e9m da Libertadores e do Brasileir\u00e3o, o \u201ccoringa\u201d rubro-negro levantou as ta\u00e7as da Supercopa do Brasil (2020 e 2021), Recopa Sul-Americana e Campeonato Carioca. Em abril de 2021, o jogador teve o passe vendido para o Olympique por, aproximadamente, 25 milh\u00f5es de euros (R$ 144 milh\u00f5es).<\/p>\n<p>Gerson foi revelado pelas categorias de base do Fluminense. Em\u00a02016, quando tinha 19 anos, o jogador trocou os gramados brasileiros para jogar na Roma (It\u00e1lia). Dois anos depois,\u00a0 foi transferido, por empr\u00e9stimo, \u00e0 Fiorentina por uma temporada. Ap\u00f3s esse per\u00edodo retornou ao Rio de Janeiro\u00a0para vestir pela primeira vez o uniforme rubro-negro.<\/p>\n<p><span style=\"font-weight: 400;\">Fonte: Ag\u00eancia Brasil <\/span><\/p>\n","protected":false},"excerpt":{"rendered":"<p>Ap\u00f3s um ano e meio no Olympique de Marseille (Fran\u00e7a), o meio-campista Gerson est\u00e1 de volta ao Flamengo, time pelo qual foi campe\u00e3o da Copa Libertadores (2019) e Campeonato Brasileiro (2020). \u00a0O jogador, que tamb\u00e9m atua como volante, \u00e9 o primeiro refor\u00e7o do time carioca para a temporada 2023. Considerado um coringa em campo, Gerson, [&hellip;]<\/p>\n","protected":false},"author":246,"featured_media":208602,"comment_status":"closed","ping_status":"closed","sticky":false,"template":"","format":"standard","meta":{"footnotes":""},"categories":[436,257,439],"tags":[],"class_list":["post-208601","post","type-post","status-publish","format-standard","has-post-thumbnail","hentry","category-destaque-da-semana","category-esporte","category-ultima-hora"],"_links":{"self":[{"href":"https:\/\/diarioregionaldigital.com.br\/index.php?rest_route=\/wp\/v2\/posts\/208601","targetHints":{"allow":["GET"]}}],"collection":[{"href":"https:\/\/diarioregionaldigital.com.br\/index.php?rest_route=\/wp\/v2\/posts"}],"about":[{"href":"https:\/\/diarioregionaldigital.com.br\/index.php?rest_route=\/wp\/v2\/types\/post"}],"author":[{"embeddable":true,"href":"https:\/\/diarioregionaldigital.com.br\/index.php?rest_route=\/wp\/v2\/users\/246"}],"replies":[{"embeddable":true,"href":"https:\/\/diarioregionaldigital.com.br\/index.php?rest_route=%2Fwp%2Fv2%2Fcomments&post=208601"}],"version-history":[{"count":1,"href":"https:\/\/diarioregionaldigital.com.br\/index.php?rest_route=\/wp\/v2\/posts\/208601\/revisions"}],"predecessor-version":[{"id":208603,"href":"https:\/\/diarioregionaldigital.com.br\/index.php?rest_route=\/wp\/v2\/posts\/208601\/revisions\/208603"}],"wp:featuredmedia":[{"embeddable":true,"href":"https:\/\/diarioregionaldigital.com.br\/index.php?rest_route=\/wp\/v2\/media\/208602"}],"wp:attachment":[{"href":"https:\/\/diarioregionaldigital.com.br\/index.php?rest_route=%2Fwp%2Fv2%2Fmedia&parent=208601"}],"wp:term":[{"taxonomy":"category","embeddable":true,"href":"https:\/\/diarioregionaldigital.com.br\/index.php?rest_route=%2Fwp%2Fv2%2Fcategories&post=208601"},{"taxonomy":"post_tag","embeddable":true,"href":"https:\/\/diarioregionaldigital.com.br\/index.php?rest_route=%2Fwp%2Fv2%2Ftags&post=208601"}],"curies":[{"name":"wp","href":"https:\/\/api.w.org\/{rel}","templated":true}]}}