{"id":208597,"date":"2023-01-03T20:10:10","date_gmt":"2023-01-03T23:10:10","guid":{"rendered":"https:\/\/diarioregionaldigital.com.br\/?p=208597"},"modified":"2023-01-03T20:10:10","modified_gmt":"2023-01-03T23:10:10","slug":"agora-ele-vai-descansar-diz-filho-de-pele","status":"publish","type":"post","link":"https:\/\/diarioregionaldigital.com.br\/?p=208597","title":{"rendered":"Agora ele vai descansar, diz filho de Pel\u00e9"},"content":{"rendered":"<p>\u201cAgora ele [Pel\u00e9] vai descansar\u201d. Foi desta forma que Edinho, filho do Rei do Futebol, se pronunciou, em nome da fam\u00edlia, ap\u00f3s o sepultamento de seu pai, na tarde desta ter\u00e7a-feira (3) no Memorial Necr\u00f3pole Ecum\u00eanica, em Santos.<img decoding=\"async\" src=\"https:\/\/agenciabrasil.ebc.com.br\/ebc.png?id=1501749&amp;o=node\" \/><img decoding=\"async\" src=\"https:\/\/agenciabrasil.ebc.com.br\/ebc.gif?id=1501749&amp;o=node\" \/><\/p>\n<p>\u201cQueria, em nome da minha fam\u00edlia, agradecer a todo mundo, a todo amor, a todo carinho, a todo respeito. Enfim, \u00e9 agradecer. O sentimento maior de toda a fam\u00edlia \u00e9 a gratid\u00e3o, junto com a dor. Mas \u00e9 gratid\u00e3o. Ent\u00e3o, muito obrigado a todos. \u00c9 um momento dif\u00edcil, todo mundo sabe, mas \u00e9 uma honra, \u00e9 um orgulho muito grande. Mais uma vez obrigado. Agora ele vai descansar\u201d, declarou Edson Cholbi Nascimento, que atua como t\u00e9cnico do Londrina.<\/p>\n<h2>Sepultamento<\/h2>\n<p>O corpo do Rei do Futebol foi sepultado em uma cerim\u00f4nia reservada que contou apenas com a presen\u00e7a de familiares e amigos pr\u00f3ximos e que teve in\u00edcio por volta das 14h (hor\u00e1rio de Bras\u00edlia), ap\u00f3s um cortejo pelas ruas de Santos que durou cerca de tr\u00eas horas e meia.<\/p>\n<p>Mais de 230 mil torcedores prestaram as \u00faltimas homenagens a Pel\u00e9, cujo vel\u00f3rio aberto ao p\u00fablico chegou ao fim \u00e0s 10h desta ter\u00e7a-feira na Vila Belmiro, est\u00e1dio do Santos.<\/p>\n<p><span style=\"font-weight: 400;\"><br \/>\n<\/span><span style=\"font-weight: 400;\">Fonte: Ag\u00eancia Brasil <\/span><\/p>\n","protected":false},"excerpt":{"rendered":"<p>\u201cAgora ele [Pel\u00e9] vai descansar\u201d. Foi desta forma que Edinho, filho do Rei do Futebol, se pronunciou, em nome da fam\u00edlia, ap\u00f3s o sepultamento de seu pai, na tarde desta ter\u00e7a-feira (3) no Memorial Necr\u00f3pole Ecum\u00eanica, em Santos. \u201cQueria, em nome da minha fam\u00edlia, agradecer a todo mundo, a todo amor, a todo carinho, a [&hellip;]<\/p>\n","protected":false},"author":246,"featured_media":208598,"comment_status":"closed","ping_status":"closed","sticky":false,"template":"","format":"standard","meta":{"footnotes":""},"categories":[436,440,257,439],"tags":[],"class_list":["post-208597","post","type-post","status-publish","format-standard","has-post-thumbnail","hentry","category-destaque-da-semana","category-destaques-do-dia","category-esporte","category-ultima-hora"],"_links":{"self":[{"href":"https:\/\/diarioregionaldigital.com.br\/index.php?rest_route=\/wp\/v2\/posts\/208597","targetHints":{"allow":["GET"]}}],"collection":[{"href":"https:\/\/diarioregionaldigital.com.br\/index.php?rest_route=\/wp\/v2\/posts"}],"about":[{"href":"https:\/\/diarioregionaldigital.com.br\/index.php?rest_route=\/wp\/v2\/types\/post"}],"author":[{"embeddable":true,"href":"https:\/\/diarioregionaldigital.com.br\/index.php?rest_route=\/wp\/v2\/users\/246"}],"replies":[{"embeddable":true,"href":"https:\/\/diarioregionaldigital.com.br\/index.php?rest_route=%2Fwp%2Fv2%2Fcomments&post=208597"}],"version-history":[{"count":1,"href":"https:\/\/diarioregionaldigital.com.br\/index.php?rest_route=\/wp\/v2\/posts\/208597\/revisions"}],"predecessor-version":[{"id":208599,"href":"https:\/\/diarioregionaldigital.com.br\/index.php?rest_route=\/wp\/v2\/posts\/208597\/revisions\/208599"}],"wp:featuredmedia":[{"embeddable":true,"href":"https:\/\/diarioregionaldigital.com.br\/index.php?rest_route=\/wp\/v2\/media\/208598"}],"wp:attachment":[{"href":"https:\/\/diarioregionaldigital.com.br\/index.php?rest_route=%2Fwp%2Fv2%2Fmedia&parent=208597"}],"wp:term":[{"taxonomy":"category","embeddable":true,"href":"https:\/\/diarioregionaldigital.com.br\/index.php?rest_route=%2Fwp%2Fv2%2Fcategories&post=208597"},{"taxonomy":"post_tag","embeddable":true,"href":"https:\/\/diarioregionaldigital.com.br\/index.php?rest_route=%2Fwp%2Fv2%2Ftags&post=208597"}],"curies":[{"name":"wp","href":"https:\/\/api.w.org\/{rel}","templated":true}]}}