{"id":208594,"date":"2023-01-03T19:57:49","date_gmt":"2023-01-03T22:57:49","guid":{"rendered":"https:\/\/diarioregionaldigital.com.br\/?p=208594"},"modified":"2023-01-03T19:57:49","modified_gmt":"2023-01-03T22:57:49","slug":"comunicacao-de-governo-precisa-recuperar-credibilidade-diz-ministro","status":"publish","type":"post","link":"https:\/\/diarioregionaldigital.com.br\/?p=208594","title":{"rendered":"&#8220;Comunica\u00e7\u00e3o de governo precisa recuperar credibilidade&#8221;, diz ministro"},"content":{"rendered":"<p>Valorizar e facilitar o trabalho da imprensa, recuperar a credibilidade da comunica\u00e7\u00e3o de governo e combater a desinforma\u00e7\u00e3o foram os principais compromissos anunciados pelo novo ministro da Secretaria de Comunica\u00e7\u00e3o Social da Presid\u00eancia da Rep\u00fablica (Secom), Paulo Pimenta, que assumiu o cargo nesta ter\u00e7a-feira (3), em cerim\u00f4nia no Pal\u00e1cio do Planalto, em Bras\u00edlia. A solenidade foi presenciada por diversos parlamentares e outras autoridades, incluindo a ex-presidente Dilma Rousseff.\u00a0<img decoding=\"async\" src=\"https:\/\/agenciabrasil.ebc.com.br\/ebc.png?id=1501739&amp;o=node\" \/><img decoding=\"async\" src=\"https:\/\/agenciabrasil.ebc.com.br\/ebc.gif?id=1501739&amp;o=node\" \/><\/p>\n<p>&#8220;No governo do presidente Lula n\u00e3o haver\u00e1 muros, nem cercadinhos. N\u00e3o haver\u00e1 ofensas, amea\u00e7as ou viol\u00eancia. Haver\u00e1 fatos, argumentos e muito trabalho. Faremos isso com responsabilidade e respeito a todos envolvidos no processo de informa\u00e7\u00e3o do pa\u00eds. A comunica\u00e7\u00e3o governamental precisa voltar a ser uma via de acesso seguro, confi\u00e1vel e com credibilidade para que o Brasil percorra uma estrada tranquila rumo ao pa\u00eds que queremos construir&#8221;, destacou o ministro em seu discurso.<\/p>\n<p>Ele ressaltou o trabalho da imprensa como &#8220;imprescind\u00edvel em qualquer democracia&#8221;, mas que depende de &#8220;pontes s\u00f3lidas, principalmente aquelas que ligam os profissionais do jornalismo ao governo federal e ao poder p\u00fablico em geral. O ministro garantiu que o governo vai facilitar o acesso dos jornalistas \u00e0s fontes e que o acesso ao Pal\u00e1cio do Planalto e aos minist\u00e9rios ser\u00e1 transparente e eficiente.<\/p>\n<p>Sobre a comunica\u00e7\u00e3o governamental, Pimenta criticou a forma como o governo anterior propagou desinforma\u00e7\u00e3o, principalmente por meio de canais oficiais.<\/p>\n<p>&#8220;A comunica\u00e7\u00e3o de governo precisa recuperar a capacidade e a credibilidade para ser um difusor de informa\u00e7\u00f5es relevantes, com par\u00e2metros para que se possa separar o joio do trigo. Nos \u00faltimos anos, houve uma deliberada confus\u00e3o nessas a\u00e7\u00f5es. A falta de credibilidade de autoridades, que se distanciaram da verdade e dos fatos, alimentou uma ind\u00fastria que atrapalhou at\u00e9 mesmo no combate ao v\u00edrus da covid-19. A desinforma\u00e7\u00e3o mata. N\u00e3o queremos nunca mais passar por esse tormento&#8221;, observou.<\/p>\n<p>Ainda segundo o ministro, a partir de agora a presta\u00e7\u00e3o de servi\u00e7os e as informa\u00e7\u00f5es de utilidade p\u00fablica &#8220;n\u00e3o ser\u00e3o mais contaminadas com posicionamentos ideol\u00f3gicos com a tomada de decis\u00e3o do que deve ou n\u00e3o ser veiculado&#8221;.<\/p>\n<h2>Comunica\u00e7\u00e3o p\u00fablica<\/h2>\n<p>Citando a\u00a0<strong>Empresa Brasil de Comunica\u00e7\u00e3o (EBC)<\/strong>, Paulo Pimenta se comprometeu a rever a fus\u00e3o de programa\u00e7\u00f5es entre a TV Brasil, emissora p\u00fablica, e a TV NBR, emissora governamental.<\/p>\n<p>&#8220;A NBR voltar\u00e1 a ter sua fun\u00e7\u00e3o de TV governamental e se prestar\u00e1 a comunicar as a\u00e7\u00f5es do governo, enquanto a TV Brasil seguir\u00e1 como uma TV p\u00fablica, prezando sempre pela qualidade de seus produtos e das informa\u00e7\u00f5es levadas ao pa\u00eds&#8221;, garantiu.<\/p>\n<h2>Desinforma\u00e7\u00e3o e plataformas digitais<\/h2>\n<p>Outro ponto abordado pelo ministro da Secom em seu pronunciamento foi o enfrentamento dos problemas de desinforma\u00e7\u00e3o nas plataformas digitais, indicando que o novo governo vai se debru\u00e7ar sobre propostas na \u00e1rea.<\/p>\n<p>&#8220;A larga dissemina\u00e7\u00e3o de desinforma\u00e7\u00e3o e de discurso de \u00f3dio no ambiente digital afeta direitos individuais e coletivos, e impacta negativamente a democracia. Precisamos inserir o Brasil no esfor\u00e7o global de busca de solu\u00e7\u00f5es para esses problemas&#8221;, afirmou.<\/p>\n<p>Uma das novidades na nova estrutura da Secom \u00e9 a cria\u00e7\u00e3o de uma Secretaria de Pol\u00edticas Digitais, que vai centralizar o debate sobre esse tema.<\/p>\n<h2>Perfil<\/h2>\n<p>Paulo Pimenta \u00e9 jornalista e t\u00e9cnico agr\u00edcola formado pela Universidade Federal de Santa Maria (IFSM), no Rio Grande do Sul. Est\u00e1 no sexto mandato de deputado federal pelo PT ga\u00facho e, nas \u00faltimas elei\u00e7\u00f5es, foi novamente o mais votado do partido em seu estado. Ele tamb\u00e9m preside o PT no Rio Grande do Sul.<\/p>\n<p>No in\u00edcio de sua trajet\u00f3ria pol\u00edtica, militou no movimento estudantil e cumpriu dois mandatos de vereador em Santa Maria.<\/p>\n<p>Entre 2000 e 2002, foi vice-prefeito da cidade. Como deputado federal, ocupou a relatoria e presid\u00eancia de diversas comiss\u00f5es, incluindo a presid\u00eancia\u00a0da Comiss\u00e3o Mista de Or\u00e7amento, a mais importante do Congresso Nacional, entre 2012 e 2013.<\/p>\n<p><span style=\"font-weight: 400;\">Fonte: Ag\u00eancia Brasil <\/span><\/p>\n","protected":false},"excerpt":{"rendered":"<p>Valorizar e facilitar o trabalho da imprensa, recuperar a credibilidade da comunica\u00e7\u00e3o de governo e combater a desinforma\u00e7\u00e3o foram os principais compromissos anunciados pelo novo ministro da Secretaria de Comunica\u00e7\u00e3o Social da Presid\u00eancia da Rep\u00fablica (Secom), Paulo Pimenta, que assumiu o cargo nesta ter\u00e7a-feira (3), em cerim\u00f4nia no Pal\u00e1cio do Planalto, em Bras\u00edlia. A solenidade [&hellip;]<\/p>\n","protected":false},"author":246,"featured_media":208595,"comment_status":"closed","ping_status":"closed","sticky":false,"template":"","format":"standard","meta":{"footnotes":""},"categories":[436,254,439],"tags":[],"class_list":["post-208594","post","type-post","status-publish","format-standard","has-post-thumbnail","hentry","category-destaque-da-semana","category-politica","category-ultima-hora"],"_links":{"self":[{"href":"https:\/\/diarioregionaldigital.com.br\/index.php?rest_route=\/wp\/v2\/posts\/208594","targetHints":{"allow":["GET"]}}],"collection":[{"href":"https:\/\/diarioregionaldigital.com.br\/index.php?rest_route=\/wp\/v2\/posts"}],"about":[{"href":"https:\/\/diarioregionaldigital.com.br\/index.php?rest_route=\/wp\/v2\/types\/post"}],"author":[{"embeddable":true,"href":"https:\/\/diarioregionaldigital.com.br\/index.php?rest_route=\/wp\/v2\/users\/246"}],"replies":[{"embeddable":true,"href":"https:\/\/diarioregionaldigital.com.br\/index.php?rest_route=%2Fwp%2Fv2%2Fcomments&post=208594"}],"version-history":[{"count":1,"href":"https:\/\/diarioregionaldigital.com.br\/index.php?rest_route=\/wp\/v2\/posts\/208594\/revisions"}],"predecessor-version":[{"id":208596,"href":"https:\/\/diarioregionaldigital.com.br\/index.php?rest_route=\/wp\/v2\/posts\/208594\/revisions\/208596"}],"wp:featuredmedia":[{"embeddable":true,"href":"https:\/\/diarioregionaldigital.com.br\/index.php?rest_route=\/wp\/v2\/media\/208595"}],"wp:attachment":[{"href":"https:\/\/diarioregionaldigital.com.br\/index.php?rest_route=%2Fwp%2Fv2%2Fmedia&parent=208594"}],"wp:term":[{"taxonomy":"category","embeddable":true,"href":"https:\/\/diarioregionaldigital.com.br\/index.php?rest_route=%2Fwp%2Fv2%2Fcategories&post=208594"},{"taxonomy":"post_tag","embeddable":true,"href":"https:\/\/diarioregionaldigital.com.br\/index.php?rest_route=%2Fwp%2Fv2%2Ftags&post=208594"}],"curies":[{"name":"wp","href":"https:\/\/api.w.org\/{rel}","templated":true}]}}