{"id":208591,"date":"2023-01-03T19:56:22","date_gmt":"2023-01-03T22:56:22","guid":{"rendered":"https:\/\/diarioregionaldigital.com.br\/?p=208591"},"modified":"2023-01-03T19:56:22","modified_gmt":"2023-01-03T22:56:22","slug":"neta-de-marighella-aceita-convite-para-presidencia-da-funarte","status":"publish","type":"post","link":"https:\/\/diarioregionaldigital.com.br\/?p=208591","title":{"rendered":"Neta de Marighella aceita convite para presid\u00eancia da Funarte"},"content":{"rendered":"<p>A vereadora por Salvador Maria Marighella vai assumir a presid\u00eancia da Funda\u00e7\u00e3o Nacional de Artes (Funarte). O an\u00fancio, feito na segunda-feira (2) pela ministra da Cultura, Margareth Menezes, foi confirmado nesta ter\u00e7a-feira (3) nas redes sociais por Maria, que \u00e9 neta do revolucion\u00e1rio Carlos Marighella.<img decoding=\"async\" src=\"https:\/\/agenciabrasil.ebc.com.br\/ebc.png?id=1501718&amp;o=node\" \/><img decoding=\"async\" src=\"https:\/\/agenciabrasil.ebc.com.br\/ebc.gif?id=1501718&amp;o=node\" \/><\/p>\n<p>\u201cNeste momento de retomada democr\u00e1tica do nosso pa\u00eds, recebi o convite para assumir a presid\u00eancia da Funda\u00e7\u00e3o Nacional de Artes &#8211; Funarte, entidade vinculada ao Minist\u00e9rio da Cultura, com a tarefa irrefut\u00e1vel de retomarmos a constru\u00e7\u00e3o da Pol\u00edtica Nacional das Artes &#8211; interrompida pelo golpe de 2016, e conectarmos essas pol\u00edticas ao Brasil do futuro que tanto sonhamos\u201d, escreveu Maria em sua conta do Twitter.<\/p>\n<p>Na mensagem, Maria, que tem 46 anos e \u00e9 tamb\u00e9m atriz e produtora cultural, confirmou que aceitou o cargo e agradeceu o convite feito pela ministra da Cultura.<\/p>\n<p>\u201cAssumo com muita honra a miss\u00e3o que me foi confiada pela ministra Margareth Menezes &#8211; a quem celebro e agrade\u00e7o. \u00c9 uma grande responsabilidade ser a primeira mulher nordestina a ocupar esta presid\u00eancia. Refundaremos tamb\u00e9m a Funarte com a for\u00e7a da cultura de todo [o] Brasil. \u00c0 reconstru\u00e7\u00e3o do MinC, \u00e0 refunda\u00e7\u00e3o do Brasil!\u201d, completou.<\/p>\n<p><span style=\"font-weight: 400;\">Fonte: Ag\u00eancia Brasil <\/span><\/p>\n","protected":false},"excerpt":{"rendered":"<p>A vereadora por Salvador Maria Marighella vai assumir a presid\u00eancia da Funda\u00e7\u00e3o Nacional de Artes (Funarte). O an\u00fancio, feito na segunda-feira (2) pela ministra da Cultura, Margareth Menezes, foi confirmado nesta ter\u00e7a-feira (3) nas redes sociais por Maria, que \u00e9 neta do revolucion\u00e1rio Carlos Marighella. \u201cNeste momento de retomada democr\u00e1tica do nosso pa\u00eds, recebi o [&hellip;]<\/p>\n","protected":false},"author":246,"featured_media":208592,"comment_status":"closed","ping_status":"closed","sticky":false,"template":"","format":"standard","meta":{"footnotes":""},"categories":[436,254,439],"tags":[],"class_list":["post-208591","post","type-post","status-publish","format-standard","has-post-thumbnail","hentry","category-destaque-da-semana","category-politica","category-ultima-hora"],"_links":{"self":[{"href":"https:\/\/diarioregionaldigital.com.br\/index.php?rest_route=\/wp\/v2\/posts\/208591","targetHints":{"allow":["GET"]}}],"collection":[{"href":"https:\/\/diarioregionaldigital.com.br\/index.php?rest_route=\/wp\/v2\/posts"}],"about":[{"href":"https:\/\/diarioregionaldigital.com.br\/index.php?rest_route=\/wp\/v2\/types\/post"}],"author":[{"embeddable":true,"href":"https:\/\/diarioregionaldigital.com.br\/index.php?rest_route=\/wp\/v2\/users\/246"}],"replies":[{"embeddable":true,"href":"https:\/\/diarioregionaldigital.com.br\/index.php?rest_route=%2Fwp%2Fv2%2Fcomments&post=208591"}],"version-history":[{"count":1,"href":"https:\/\/diarioregionaldigital.com.br\/index.php?rest_route=\/wp\/v2\/posts\/208591\/revisions"}],"predecessor-version":[{"id":208593,"href":"https:\/\/diarioregionaldigital.com.br\/index.php?rest_route=\/wp\/v2\/posts\/208591\/revisions\/208593"}],"wp:featuredmedia":[{"embeddable":true,"href":"https:\/\/diarioregionaldigital.com.br\/index.php?rest_route=\/wp\/v2\/media\/208592"}],"wp:attachment":[{"href":"https:\/\/diarioregionaldigital.com.br\/index.php?rest_route=%2Fwp%2Fv2%2Fmedia&parent=208591"}],"wp:term":[{"taxonomy":"category","embeddable":true,"href":"https:\/\/diarioregionaldigital.com.br\/index.php?rest_route=%2Fwp%2Fv2%2Fcategories&post=208591"},{"taxonomy":"post_tag","embeddable":true,"href":"https:\/\/diarioregionaldigital.com.br\/index.php?rest_route=%2Fwp%2Fv2%2Ftags&post=208591"}],"curies":[{"name":"wp","href":"https:\/\/api.w.org\/{rel}","templated":true}]}}