{"id":208585,"date":"2023-01-03T19:51:47","date_gmt":"2023-01-03T22:51:47","guid":{"rendered":"https:\/\/diarioregionaldigital.com.br\/?p=208585"},"modified":"2023-01-03T19:51:47","modified_gmt":"2023-01-03T22:51:47","slug":"ministro-das-cidades-anuncia-retorno-do-minha-casa-minha-vida","status":"publish","type":"post","link":"https:\/\/diarioregionaldigital.com.br\/?p=208585","title":{"rendered":"Ministro das Cidades anuncia retorno do Minha Casa, Minha Vida"},"content":{"rendered":"<p>O ministro das Cidades, Jader Filho, assumiu hoje (3) o cargo, em Bras\u00edlia. Ao discursar, disse que o governo vai retomar o programa habitacional Minha Casa, Minha Vida.\u00a0<img decoding=\"async\" src=\"https:\/\/agenciabrasil.ebc.com.br\/ebc.png?id=1501743&amp;o=node\" \/><img decoding=\"async\" src=\"https:\/\/agenciabrasil.ebc.com.br\/ebc.gif?id=1501743&amp;o=node\" \/><\/p>\n<p>Destacou que a gest\u00e3o da pasta ter\u00e1 destaque para reconquistas sociais. Segundo o ministro, durante a\u00a0pandemia de covid-19 mais de um milh\u00e3o de pessoas foram despejadas ou amea\u00e7adas de despejo. Al\u00e9m disso, ele citou n\u00fameros da Pesquisa Nacional por Amostra de Domic\u00edlios (Pnad Cont\u00ednua) de 2019 que apontam d\u00e9ficit habitacional de 5,9 milh\u00f5es de moradias no pa\u00eds.<\/p>\n<p>\u201cPrecisamos reconstruir quase tudo nesta pasta, incluindo o Minha Casa, Minha Vida. Um programa t\u00e3o importante neste pa\u00eds, reconhecido pela popula\u00e7\u00e3o, mas que havia sido descontinuado\u201d, afirmou.<\/p>\n<h2>Saneamento b\u00e1sico<\/h2>\n<p>Ele garantiu que pretende dar aten\u00e7\u00e3o aos programas de saneamento b\u00e1sico. \u201cEm 2020, foi aprovado o Marco do Saneamento. N\u00e3o vamos limitar o investimento privado em saneamento. Ao contr\u00e1rio, vamos incentivar, mas\u00a0sabemos que, em muitas \u00e1reas do pa\u00eds, especialmente nas mais pobres, justamente onde h\u00e1 pouco ou nenhum tipo de saneamento, n\u00e3o h\u00e1 interesse da iniciativa privada em investir. Nessas \u00e1reas, o poder p\u00fablico precisa agir\u201d, garantiu.<\/p>\n<p>Jader Filho tamb\u00e9m defendeu di\u00e1logo com movimentos sociais e anunciou a cria\u00e7\u00e3o de Secretaria Nacional de Pol\u00edticas para Territ\u00f3rios Perif\u00e9ricos.<\/p>\n<p>\u201cS\u00e3o voc\u00eas [integrantes de movimentos] que trazem a experiencia e a demanda organizada de parcela da popula\u00e7\u00e3o que ficou desistida nos \u00faltimos anos\u201d, concluiu.<\/p>\n<p><span style=\"font-weight: 400;\">Fonte: Ag\u00eancia Brasil <\/span><\/p>\n","protected":false},"excerpt":{"rendered":"<p>O ministro das Cidades, Jader Filho, assumiu hoje (3) o cargo, em Bras\u00edlia. Ao discursar, disse que o governo vai retomar o programa habitacional Minha Casa, Minha Vida.\u00a0 Destacou que a gest\u00e3o da pasta ter\u00e1 destaque para reconquistas sociais. Segundo o ministro, durante a\u00a0pandemia de covid-19 mais de um milh\u00e3o de pessoas foram despejadas ou [&hellip;]<\/p>\n","protected":false},"author":246,"featured_media":208586,"comment_status":"closed","ping_status":"closed","sticky":false,"template":"","format":"standard","meta":{"footnotes":""},"categories":[436,440,254,439],"tags":[],"class_list":["post-208585","post","type-post","status-publish","format-standard","has-post-thumbnail","hentry","category-destaque-da-semana","category-destaques-do-dia","category-politica","category-ultima-hora"],"_links":{"self":[{"href":"https:\/\/diarioregionaldigital.com.br\/index.php?rest_route=\/wp\/v2\/posts\/208585","targetHints":{"allow":["GET"]}}],"collection":[{"href":"https:\/\/diarioregionaldigital.com.br\/index.php?rest_route=\/wp\/v2\/posts"}],"about":[{"href":"https:\/\/diarioregionaldigital.com.br\/index.php?rest_route=\/wp\/v2\/types\/post"}],"author":[{"embeddable":true,"href":"https:\/\/diarioregionaldigital.com.br\/index.php?rest_route=\/wp\/v2\/users\/246"}],"replies":[{"embeddable":true,"href":"https:\/\/diarioregionaldigital.com.br\/index.php?rest_route=%2Fwp%2Fv2%2Fcomments&post=208585"}],"version-history":[{"count":1,"href":"https:\/\/diarioregionaldigital.com.br\/index.php?rest_route=\/wp\/v2\/posts\/208585\/revisions"}],"predecessor-version":[{"id":208587,"href":"https:\/\/diarioregionaldigital.com.br\/index.php?rest_route=\/wp\/v2\/posts\/208585\/revisions\/208587"}],"wp:featuredmedia":[{"embeddable":true,"href":"https:\/\/diarioregionaldigital.com.br\/index.php?rest_route=\/wp\/v2\/media\/208586"}],"wp:attachment":[{"href":"https:\/\/diarioregionaldigital.com.br\/index.php?rest_route=%2Fwp%2Fv2%2Fmedia&parent=208585"}],"wp:term":[{"taxonomy":"category","embeddable":true,"href":"https:\/\/diarioregionaldigital.com.br\/index.php?rest_route=%2Fwp%2Fv2%2Fcategories&post=208585"},{"taxonomy":"post_tag","embeddable":true,"href":"https:\/\/diarioregionaldigital.com.br\/index.php?rest_route=%2Fwp%2Fv2%2Ftags&post=208585"}],"curies":[{"name":"wp","href":"https:\/\/api.w.org\/{rel}","templated":true}]}}