{"id":208582,"date":"2023-01-03T19:49:07","date_gmt":"2023-01-03T22:49:07","guid":{"rendered":"https:\/\/diarioregionaldigital.com.br\/?p=208582"},"modified":"2023-01-03T19:49:07","modified_gmt":"2023-01-03T22:49:07","slug":"balanca-comercial-fecha-2022-com-superavit-recorde-de-us-623-bilhoes","status":"publish","type":"post","link":"https:\/\/diarioregionaldigital.com.br\/?p=208582","title":{"rendered":"Balan\u00e7a comercial fecha 2022 com super\u00e1vit recorde de US$ 62,3 bilh\u00f5es"},"content":{"rendered":"<p>A valoriza\u00e7\u00e3o das\u00a0<em>commodities<\/em>\u00a0(bens prim\u00e1rios com cota\u00e7\u00e3o internacional) ocorrida no ano passado fez o Brasil fechar 2022 com o melhor resultado da hist\u00f3ria para a balan\u00e7a comercial. Em 2022, o pa\u00eds exportou US$ 62,31 bilh\u00f5es a mais do que importou, o maior super\u00e1vit desde o in\u00edcio da s\u00e9rie hist\u00f3rica, em 1989.<\/p>\n<p>O valor representa crescimento de 1,5% em rela\u00e7\u00e3o ao recorde anterior de US$ 61,407 bilh\u00f5es registrado em 2021. Os n\u00fameros foram divulgados nesta segunda-feira (2) pela Secretaria de Com\u00e9rcio Exterior pelo Minist\u00e9rio do Desenvolvimento, Ind\u00fastria, Com\u00e9rcio e Servi\u00e7os, que resultou do desmembramento do antigo Minist\u00e9rio da Economia.<\/p>\n<p>Tanto as exporta\u00e7\u00f5es como as importa\u00e7\u00f5es tamb\u00e9m bateram recorde da s\u00e9rie hist\u00f3rica. No ano passado, o Brasil vendeu US$ 335,01 bilh\u00f5es para o exterior, alta de 19,3% em rela\u00e7\u00e3o a 2021 pelo crit\u00e9rio da m\u00e9dia di\u00e1ria. As compras do exterior somaram US$ 272,697 bilh\u00f5es, aumento de 24,3%, tamb\u00e9m pela m\u00e9dia di\u00e1ria.<\/p>\n<p>Apenas em dezembro, a balan\u00e7a comercial registrou super\u00e1vit de US$ 4,779 bilh\u00f5es, o sexto melhor resultado da hist\u00f3ria para o m\u00eas, por\u00e9m com alta de 24,5% em rela\u00e7\u00e3o ao saldo do mesmo m\u00eas de 2021. As exporta\u00e7\u00f5es somaram US$ 26,645 bilh\u00f5es, e as importa\u00e7\u00f5es totalizaram US$ 21,866 bilh\u00f5es no m\u00eas passado, com valores recordes para dezembro.<img decoding=\"async\" src=\"https:\/\/agenciabrasil.ebc.com.br\/ebc.png?id=1501383&amp;o=node\" \/><img decoding=\"async\" src=\"https:\/\/agenciabrasil.ebc.com.br\/ebc.gif?id=1501383&amp;o=node\" \/><\/p>\n<h2><em>Commodities<\/em><\/h2>\n<p>O ano foi marcado pela valoriza\u00e7\u00e3o das\u00a0<em>commodities<\/em>, provocada principalmente pelo aumento do consumo global ap\u00f3s a pior fase da pandemia de covid-19 e pela guerra no leste europeu. Apesar de a balan\u00e7a comercial ter sido impactada pelo encarecimento de itens importados da R\u00fassia e da Ucr\u00e2nia, como fertilizantes e trigo, o Brasil beneficiou-se da valoriza\u00e7\u00e3o do petr\u00f3leo no mercado internacional. O pa\u00eds tamb\u00e9m tirou proveito da safra recorde de gr\u00e3os.<\/p>\n<p>O maior impacto positivo sobre a balan\u00e7a comercial decorreu da alta dos pre\u00e7os internacionais. No ano passado, o volume das mercadorias exportadas aumentou 5,5%, mas o pre\u00e7o subiu, em m\u00e9dia, 13,6%. Do lado das importa\u00e7\u00f5es, a quantidade comprada subiu 2,6%, e o pre\u00e7o aumentou 23,4%.<\/p>\n<h2>Estimativa<\/h2>\n<p>O resultado da balan\u00e7a comercial veio acima das previs\u00f5es. Em novembro, o governo anterior tinha estimado em\u00a0<a href=\"https:\/\/agenciabrasil.ebc.com.br\/economia\/noticia\/2022-10\/governo-reduz-para-us-554-bilhoes-projecao-de-superavit-comercial\" target=\"_blank\" rel=\"noopener\">US$ 55,4 bilh\u00f5es<\/a>\u00a0o super\u00e1vit comercial para 2022. Apesar da queda na estimativa, esse valor garantiria o segundo maior super\u00e1vit comercial da s\u00e9rie hist\u00f3rica.<\/p>\n<p>As estimativas oficiais s\u00e3o atualizadas a cada tr\u00eas meses. O saldo da balan\u00e7a tamb\u00e9m veio melhor que as previs\u00f5es do mercado financeiro. O boletim Focus, pesquisa com analistas de mercado divulgada toda semana pelo Banco Central, projetava super\u00e1vit de US$ 56,9 bilh\u00f5es no ano passado.<\/p>\n<p><span style=\"font-weight: 400;\"><br \/>\n<\/span><span style=\"font-weight: 400;\">Fonte: Ag\u00eancia Brasil <\/span><\/p>\n","protected":false},"excerpt":{"rendered":"<p>A valoriza\u00e7\u00e3o das\u00a0commodities\u00a0(bens prim\u00e1rios com cota\u00e7\u00e3o internacional) ocorrida no ano passado fez o Brasil fechar 2022 com o melhor resultado da hist\u00f3ria para a balan\u00e7a comercial. Em 2022, o pa\u00eds exportou US$ 62,31 bilh\u00f5es a mais do que importou, o maior super\u00e1vit desde o in\u00edcio da s\u00e9rie hist\u00f3rica, em 1989. O valor representa crescimento de [&hellip;]<\/p>\n","protected":false},"author":246,"featured_media":208583,"comment_status":"closed","ping_status":"closed","sticky":false,"template":"","format":"standard","meta":{"footnotes":""},"categories":[436,261,439],"tags":[],"class_list":["post-208582","post","type-post","status-publish","format-standard","has-post-thumbnail","hentry","category-destaque-da-semana","category-economia","category-ultima-hora"],"_links":{"self":[{"href":"https:\/\/diarioregionaldigital.com.br\/index.php?rest_route=\/wp\/v2\/posts\/208582","targetHints":{"allow":["GET"]}}],"collection":[{"href":"https:\/\/diarioregionaldigital.com.br\/index.php?rest_route=\/wp\/v2\/posts"}],"about":[{"href":"https:\/\/diarioregionaldigital.com.br\/index.php?rest_route=\/wp\/v2\/types\/post"}],"author":[{"embeddable":true,"href":"https:\/\/diarioregionaldigital.com.br\/index.php?rest_route=\/wp\/v2\/users\/246"}],"replies":[{"embeddable":true,"href":"https:\/\/diarioregionaldigital.com.br\/index.php?rest_route=%2Fwp%2Fv2%2Fcomments&post=208582"}],"version-history":[{"count":1,"href":"https:\/\/diarioregionaldigital.com.br\/index.php?rest_route=\/wp\/v2\/posts\/208582\/revisions"}],"predecessor-version":[{"id":208584,"href":"https:\/\/diarioregionaldigital.com.br\/index.php?rest_route=\/wp\/v2\/posts\/208582\/revisions\/208584"}],"wp:featuredmedia":[{"embeddable":true,"href":"https:\/\/diarioregionaldigital.com.br\/index.php?rest_route=\/wp\/v2\/media\/208583"}],"wp:attachment":[{"href":"https:\/\/diarioregionaldigital.com.br\/index.php?rest_route=%2Fwp%2Fv2%2Fmedia&parent=208582"}],"wp:term":[{"taxonomy":"category","embeddable":true,"href":"https:\/\/diarioregionaldigital.com.br\/index.php?rest_route=%2Fwp%2Fv2%2Fcategories&post=208582"},{"taxonomy":"post_tag","embeddable":true,"href":"https:\/\/diarioregionaldigital.com.br\/index.php?rest_route=%2Fwp%2Fv2%2Ftags&post=208582"}],"curies":[{"name":"wp","href":"https:\/\/api.w.org\/{rel}","templated":true}]}}