{"id":208579,"date":"2023-01-03T19:47:46","date_gmt":"2023-01-03T22:47:46","guid":{"rendered":"https:\/\/diarioregionaldigital.com.br\/?p=208579"},"modified":"2023-01-03T19:47:46","modified_gmt":"2023-01-03T22:47:46","slug":"sp-tarifa-de-onibus-fica-mais-cara-em-cidades-da-regiao-metropolitana","status":"publish","type":"post","link":"https:\/\/diarioregionaldigital.com.br\/?p=208579","title":{"rendered":"SP: tarifa de \u00f4nibus fica mais cara em cidades da regi\u00e3o metropolitana"},"content":{"rendered":"<p>Pelo menos nove cidades da regi\u00e3o metropolitana de S\u00e3o Paulo come\u00e7am o ano com reajuste na tarifa de transporte p\u00fablico. A exce\u00e7\u00e3o \u00e9 a capital paulista: segundo o prefeito da cidade, Ricardo Nunes, a tarifa de \u00f4nibus ser\u00e1 mantida em R$ 4,40, valor que vigora desde 2020.<img decoding=\"async\" src=\"https:\/\/agenciabrasil.ebc.com.br\/ebc.png?id=1501420&amp;o=node\" \/><img decoding=\"async\" src=\"https:\/\/agenciabrasil.ebc.com.br\/ebc.gif?id=1501420&amp;o=node\" \/><\/p>\n<p>Em muitos dos munic\u00edpios da regi\u00e3o metropolitana, o reajuste foi de 6%, com a passagem passando a custar R$ 5,30.<\/p>\n<p>Em Carapicu\u00edba, a prefeitura informou que o pre\u00e7o da passagem subiu de R$ 5 para R$ 5,30 a partir de hoje (2). \u201c\u00c9 importante ressaltar que Carapicu\u00edba possui um dos menores or\u00e7amentos do estado de S\u00e3o Paulo. Por isso, o munic\u00edpio n\u00e3o tem condi\u00e7\u00f5es financeiras de subsidiar o transporte p\u00fablico\u201d, disse nota da\u00a0administra\u00e7\u00e3o municipal\u00a0para justificar o aumento.<\/p>\n<p>O mesmo percentual de aumento foi aplicado nas cidades de Barueri, Cotia, Itapevi e Osasco, onde a passagem passou de R$ 5 para R$ 5,30. Em Itapevi, o novo valor entrou em vigor ontem (1\u00b0); em Osasco, hoje (2); e em Cotia, na ter\u00e7a-feira (3).<\/p>\n<p>Em Guarulhos, a tarifa de \u00f4nibus subiu ontem para R$ 5,10 (para quem usa o Cart\u00e3o Cidad\u00e3o) e R$ 5,30 (para quem paga a tarifa em dinheiro). Estudantes e professores que utilizam o Cart\u00e3o Escolar pagar\u00e3o R$ 2,55.<\/p>\n<p>Em Santo Andr\u00e9, a tarifa passar\u00e1 de R$ 4,75 para R$ 5 a partir de amanh\u00e3. Em S\u00e3o Bernardo do Campo a passagem passou ontem para R$ 5,75.<\/p>\n<p>J\u00e1 em S\u00e3o Caetano do Sul, a tarifa subiu de R$ 4,50 para R$ 5 a partir de hoje (2). \u201cEsta \u00e9 a primeira corre\u00e7\u00e3o do valor da tarifa em quatro anos, e est\u00e1 muito abaixo da infla\u00e7\u00e3o do per\u00edodo, de 26,1% (IPCA), que impactou nos custos de opera\u00e7\u00e3o do sistema de transporte p\u00fablico municipal\u201d, diz nota da prefeitura.<\/p>\n<p><span style=\"font-weight: 400;\">Fonte: Ag\u00eancia Brasil <\/span><\/p>\n","protected":false},"excerpt":{"rendered":"<p>Pelo menos nove cidades da regi\u00e3o metropolitana de S\u00e3o Paulo come\u00e7am o ano com reajuste na tarifa de transporte p\u00fablico. A exce\u00e7\u00e3o \u00e9 a capital paulista: segundo o prefeito da cidade, Ricardo Nunes, a tarifa de \u00f4nibus ser\u00e1 mantida em R$ 4,40, valor que vigora desde 2020. Em muitos dos munic\u00edpios da regi\u00e3o metropolitana, o [&hellip;]<\/p>\n","protected":false},"author":246,"featured_media":208580,"comment_status":"closed","ping_status":"closed","sticky":false,"template":"","format":"standard","meta":{"footnotes":""},"categories":[436,261,439],"tags":[],"class_list":["post-208579","post","type-post","status-publish","format-standard","has-post-thumbnail","hentry","category-destaque-da-semana","category-economia","category-ultima-hora"],"_links":{"self":[{"href":"https:\/\/diarioregionaldigital.com.br\/index.php?rest_route=\/wp\/v2\/posts\/208579","targetHints":{"allow":["GET"]}}],"collection":[{"href":"https:\/\/diarioregionaldigital.com.br\/index.php?rest_route=\/wp\/v2\/posts"}],"about":[{"href":"https:\/\/diarioregionaldigital.com.br\/index.php?rest_route=\/wp\/v2\/types\/post"}],"author":[{"embeddable":true,"href":"https:\/\/diarioregionaldigital.com.br\/index.php?rest_route=\/wp\/v2\/users\/246"}],"replies":[{"embeddable":true,"href":"https:\/\/diarioregionaldigital.com.br\/index.php?rest_route=%2Fwp%2Fv2%2Fcomments&post=208579"}],"version-history":[{"count":1,"href":"https:\/\/diarioregionaldigital.com.br\/index.php?rest_route=\/wp\/v2\/posts\/208579\/revisions"}],"predecessor-version":[{"id":208581,"href":"https:\/\/diarioregionaldigital.com.br\/index.php?rest_route=\/wp\/v2\/posts\/208579\/revisions\/208581"}],"wp:featuredmedia":[{"embeddable":true,"href":"https:\/\/diarioregionaldigital.com.br\/index.php?rest_route=\/wp\/v2\/media\/208580"}],"wp:attachment":[{"href":"https:\/\/diarioregionaldigital.com.br\/index.php?rest_route=%2Fwp%2Fv2%2Fmedia&parent=208579"}],"wp:term":[{"taxonomy":"category","embeddable":true,"href":"https:\/\/diarioregionaldigital.com.br\/index.php?rest_route=%2Fwp%2Fv2%2Fcategories&post=208579"},{"taxonomy":"post_tag","embeddable":true,"href":"https:\/\/diarioregionaldigital.com.br\/index.php?rest_route=%2Fwp%2Fv2%2Ftags&post=208579"}],"curies":[{"name":"wp","href":"https:\/\/api.w.org\/{rel}","templated":true}]}}