{"id":208565,"date":"2023-01-03T17:27:47","date_gmt":"2023-01-03T20:27:47","guid":{"rendered":"https:\/\/diarioregionaldigital.com.br\/?p=208565"},"modified":"2023-01-03T17:27:47","modified_gmt":"2023-01-03T20:27:47","slug":"prefeitura-municipal-de-descoberto-extrato-de-contrato-03-01-2023","status":"publish","type":"post","link":"https:\/\/diarioregionaldigital.com.br\/?p=208565","title":{"rendered":"Prefeitura Municipal de Descoberto &#8211; Extrato de Contrato &#8211; 03\/01\/2023"},"content":{"rendered":"<p style=\"text-align: center;\"><strong>EXTRATO DE PRIMEIRO TERMO ADITIVO DE CONTRATO<\/strong><\/p>\n<p style=\"text-align: center;\">1\u00ba Termo Aditivo. Pref. Municipal de Descoberto x Thomaz e Advogados Associados &#8211; Objeto: Modifica\u00e7\u00e3o do prazo de vig\u00eancia do contrato, que passar\u00e1 a vigorar de 02\/01\/23 a 02\/01\/24 &#8211; Fundamento: Inexigibilidade n\u00ba \u00a0001\/2022 \u2013 Valor Global: 60.000,00 \u00a0\u2013 Vig\u00eancia:\u00a0 02\/01\/23 a 02\/01\/24 \u00a0\u2013 Dot or\u00e7: 02.02002.04.122.0002.217-339035\/100- Ass: 02\/01\/23 &#8211; Foro: S\u00e3o Jo\u00e3o Nepomuceno\/MG.<\/p>\n<p style=\"text-align: center;\"><strong>Eduardo Ant\u00f4nio de Amorim Batista<\/strong><\/p>\n<p style=\"text-align: center;\"><strong>Prefeito em exerc\u00edcio<\/strong><\/p>\n","protected":false},"excerpt":{"rendered":"<p>EXTRATO DE PRIMEIRO TERMO ADITIVO DE CONTRATO 1\u00ba Termo Aditivo. Pref. Municipal de Descoberto x Thomaz e Advogados Associados &#8211; Objeto: Modifica\u00e7\u00e3o do prazo de vig\u00eancia do contrato, que passar\u00e1 a vigorar de 02\/01\/23 a 02\/01\/24 &#8211; Fundamento: Inexigibilidade n\u00ba \u00a0001\/2022 \u2013 Valor Global: 60.000,00 \u00a0\u2013 Vig\u00eancia:\u00a0 02\/01\/23 a 02\/01\/24 \u00a0\u2013 Dot or\u00e7: 02.02002.04.122.0002.217-339035\/100- Ass: [&hellip;]<\/p>\n","protected":false},"author":96,"featured_media":0,"comment_status":"closed","ping_status":"closed","sticky":false,"template":"","format":"standard","meta":{"footnotes":""},"categories":[307],"tags":[],"class_list":["post-208565","post","type-post","status-publish","format-standard","hentry","category-editais"],"_links":{"self":[{"href":"https:\/\/diarioregionaldigital.com.br\/index.php?rest_route=\/wp\/v2\/posts\/208565","targetHints":{"allow":["GET"]}}],"collection":[{"href":"https:\/\/diarioregionaldigital.com.br\/index.php?rest_route=\/wp\/v2\/posts"}],"about":[{"href":"https:\/\/diarioregionaldigital.com.br\/index.php?rest_route=\/wp\/v2\/types\/post"}],"author":[{"embeddable":true,"href":"https:\/\/diarioregionaldigital.com.br\/index.php?rest_route=\/wp\/v2\/users\/96"}],"replies":[{"embeddable":true,"href":"https:\/\/diarioregionaldigital.com.br\/index.php?rest_route=%2Fwp%2Fv2%2Fcomments&post=208565"}],"version-history":[{"count":1,"href":"https:\/\/diarioregionaldigital.com.br\/index.php?rest_route=\/wp\/v2\/posts\/208565\/revisions"}],"predecessor-version":[{"id":208567,"href":"https:\/\/diarioregionaldigital.com.br\/index.php?rest_route=\/wp\/v2\/posts\/208565\/revisions\/208567"}],"wp:attachment":[{"href":"https:\/\/diarioregionaldigital.com.br\/index.php?rest_route=%2Fwp%2Fv2%2Fmedia&parent=208565"}],"wp:term":[{"taxonomy":"category","embeddable":true,"href":"https:\/\/diarioregionaldigital.com.br\/index.php?rest_route=%2Fwp%2Fv2%2Fcategories&post=208565"},{"taxonomy":"post_tag","embeddable":true,"href":"https:\/\/diarioregionaldigital.com.br\/index.php?rest_route=%2Fwp%2Fv2%2Ftags&post=208565"}],"curies":[{"name":"wp","href":"https:\/\/api.w.org\/{rel}","templated":true}]}}