{"id":208557,"date":"2023-01-02T18:42:04","date_gmt":"2023-01-02T21:42:04","guid":{"rendered":"https:\/\/diarioregionaldigital.com.br\/?p=208557"},"modified":"2023-01-02T18:42:04","modified_gmt":"2023-01-02T21:42:04","slug":"pjf-remodela-280-metros-de-redes-de-agua-no-bairro-ladeira","status":"publish","type":"post","link":"https:\/\/diarioregionaldigital.com.br\/?p=208557","title":{"rendered":"PJF remodela 280 metros de redes de \u00e1gua no bairro Ladeira"},"content":{"rendered":"<p>Segundo informa\u00e7\u00f5es do site da Prefeitura de Juiz de Fora (PJF), nesta segunda-feira, 2, a Prefeitura de Juiz de Fora (PJF) avan\u00e7a com os servi\u00e7os de remodela\u00e7\u00e3o de cerca de 280 metros da rede de \u00e1gua da Rua 31 de Maio, no bairro Ladeira. Na via, est\u00e3o sendo implantados tubos de PVC, com 60 mil\u00edmetros de di\u00e2metro. O novo material ir\u00e1 aumentar a vida \u00fatil do sistema e reduzir a necessidade de reparos no trecho.<\/p>\n<p>Para a condu\u00e7\u00e3o dos trabalhos, o tr\u00e2nsito na via segue parcialmente interditado, de segunda a sexta-feira, de 8h \u00e0s 17h. Desta forma, a Companhia de Saneamento Municipal (Cesama) pede aos moradores que, se poss\u00edvel, retirem seus ve\u00edculos da via antes do in\u00edcio dos servi\u00e7os. A interven\u00e7\u00e3o teve in\u00edcio em dezembro e tem previs\u00e3o de conclus\u00e3o para meados deste m\u00eas.<\/p>\n<p>As a\u00e7\u00f5es de remodela\u00e7\u00e3o de redes de \u00e1gua s\u00e3o realizadas ao longo do ano, seguindo uma programa\u00e7\u00e3o de prioridades, quando \u00e9 avaliada a necessidade de troca da tubula\u00e7\u00e3o. A an\u00e1lise leva em conta a antiguidade e o desgaste do material, o fato de o dimensionamento da rede j\u00e1 n\u00e3o ser compat\u00edvel com o n\u00famero de im\u00f3veis atendidos e os transtornos causados aos usu\u00e1rios do sistema, al\u00e9m dos custos de manuten\u00e7\u00e3o.<\/p>\n","protected":false},"excerpt":{"rendered":"<p>Segundo informa\u00e7\u00f5es do site da Prefeitura de Juiz de Fora (PJF), nesta segunda-feira, 2, a Prefeitura de Juiz de Fora (PJF) avan\u00e7a com os servi\u00e7os de remodela\u00e7\u00e3o de cerca de 280 metros da rede de \u00e1gua da Rua 31 de Maio, no bairro Ladeira. Na via, est\u00e3o sendo implantados tubos de PVC, com 60 mil\u00edmetros [&hellip;]<\/p>\n","protected":false},"author":246,"featured_media":208558,"comment_status":"closed","ping_status":"closed","sticky":false,"template":"","format":"standard","meta":{"footnotes":""},"categories":[253,436,439],"tags":[],"class_list":["post-208557","post","type-post","status-publish","format-standard","has-post-thumbnail","hentry","category-cidade","category-destaque-da-semana","category-ultima-hora"],"_links":{"self":[{"href":"https:\/\/diarioregionaldigital.com.br\/index.php?rest_route=\/wp\/v2\/posts\/208557","targetHints":{"allow":["GET"]}}],"collection":[{"href":"https:\/\/diarioregionaldigital.com.br\/index.php?rest_route=\/wp\/v2\/posts"}],"about":[{"href":"https:\/\/diarioregionaldigital.com.br\/index.php?rest_route=\/wp\/v2\/types\/post"}],"author":[{"embeddable":true,"href":"https:\/\/diarioregionaldigital.com.br\/index.php?rest_route=\/wp\/v2\/users\/246"}],"replies":[{"embeddable":true,"href":"https:\/\/diarioregionaldigital.com.br\/index.php?rest_route=%2Fwp%2Fv2%2Fcomments&post=208557"}],"version-history":[{"count":1,"href":"https:\/\/diarioregionaldigital.com.br\/index.php?rest_route=\/wp\/v2\/posts\/208557\/revisions"}],"predecessor-version":[{"id":208559,"href":"https:\/\/diarioregionaldigital.com.br\/index.php?rest_route=\/wp\/v2\/posts\/208557\/revisions\/208559"}],"wp:featuredmedia":[{"embeddable":true,"href":"https:\/\/diarioregionaldigital.com.br\/index.php?rest_route=\/wp\/v2\/media\/208558"}],"wp:attachment":[{"href":"https:\/\/diarioregionaldigital.com.br\/index.php?rest_route=%2Fwp%2Fv2%2Fmedia&parent=208557"}],"wp:term":[{"taxonomy":"category","embeddable":true,"href":"https:\/\/diarioregionaldigital.com.br\/index.php?rest_route=%2Fwp%2Fv2%2Fcategories&post=208557"},{"taxonomy":"post_tag","embeddable":true,"href":"https:\/\/diarioregionaldigital.com.br\/index.php?rest_route=%2Fwp%2Fv2%2Ftags&post=208557"}],"curies":[{"name":"wp","href":"https:\/\/api.w.org\/{rel}","templated":true}]}}