{"id":208554,"date":"2023-01-02T18:40:14","date_gmt":"2023-01-02T21:40:14","guid":{"rendered":"https:\/\/diarioregionaldigital.com.br\/?p=208554"},"modified":"2023-01-02T18:40:14","modified_gmt":"2023-01-02T21:40:14","slug":"alimentacao-no-recesso-escolar-iniciou-nesta-segunda-feira-dia-2","status":"publish","type":"post","link":"https:\/\/diarioregionaldigital.com.br\/?p=208554","title":{"rendered":"Alimenta\u00e7\u00e3o no recesso escolar iniciou nesta segunda-feira, dia 2"},"content":{"rendered":"<p>Segundo informa\u00e7\u00f5es do site da Prefeitura de Juiz de Fora (PJF), um almo\u00e7o refor\u00e7ado, fresquinho e saud\u00e1vel. Nesta segunda-feira, 2, a Prefeitura de Juiz de Fora (PJF) iniciou a oferta de almo\u00e7o para os alunos matriculados na rede municipal de ensino. A alimenta\u00e7\u00e3o est\u00e1 sendo servida nas 102 escolas municipais, e para as crian\u00e7as das creches parceiras da PJF, a refei\u00e7\u00e3o \u00e9 ofertada nas 14 unidades de Servi\u00e7o de Conviv\u00eancia e Fortalecimento de V\u00ednculos (SCFV).\u00a0<strong>Pais e respons\u00e1veis devem procurar as unidades para consultar o hor\u00e1rio de atendimento.<\/strong><\/p>\n<p>\u201cSabemos da import\u00e2ncia da merenda escolar para os alunos no processo de aprendizado, e tamb\u00e9m porque muitos n\u00e3o t\u00eam acesso a uma alimenta\u00e7\u00e3o equilibrada e saud\u00e1vel fora da escola. A gente espera que com essa iniciativa consigamos assegurar \u00e0 eles uma alimenta\u00e7\u00e3o adequada e nutricionalmente balanceada durante o recesso\u201d, destacou a secret\u00e1ria de Agricultura, Pecu\u00e1ria e Abastecimento (Seapa), Fabiola Paulino da Silva.<\/p>\n<p>Celina Matos levou os bisnetos para almo\u00e7ar na Escola Municipal Dante Jaime Brochado, no bairro Santo Ant\u00f4nio, institui\u00e7\u00e3o em que eles s\u00e3o matriculados. De acordo com ela \u201cessa iniciativa \u00e9 uma \u00f3tima oportunidade, porque muitas crian\u00e7as n\u00e3o t\u00eam uma alimenta\u00e7\u00e3o como essa que est\u00e3o oferecendo nas escolas dentro de casa. Eles est\u00e3o adorando\u201d, enfatizou.<\/p>\n<p>O diretor da institui\u00e7\u00e3o, Ronymar Rizzo, ainda complementou. \u201cEstamos em um momento triste de fome, n\u00e3o s\u00f3 em nossa comunidade, mas no pa\u00eds. Por isso, abrir as portas da escola e alimentar as crian\u00e7as \u00e9 uma grande satisfa\u00e7\u00e3o e ajuda bastante quem precisa, que n\u00e3o tem essa variedade como \u00e9 ofertado aqui: arroz, feij\u00e3o, a prote\u00edna, que s\u00e3o as carnes, e legumes\u201d.<\/p>\n","protected":false},"excerpt":{"rendered":"<p>Segundo informa\u00e7\u00f5es do site da Prefeitura de Juiz de Fora (PJF), um almo\u00e7o refor\u00e7ado, fresquinho e saud\u00e1vel. Nesta segunda-feira, 2, a Prefeitura de Juiz de Fora (PJF) iniciou a oferta de almo\u00e7o para os alunos matriculados na rede municipal de ensino. A alimenta\u00e7\u00e3o est\u00e1 sendo servida nas 102 escolas municipais, e para as crian\u00e7as das [&hellip;]<\/p>\n","protected":false},"author":246,"featured_media":208555,"comment_status":"closed","ping_status":"closed","sticky":false,"template":"","format":"standard","meta":{"footnotes":""},"categories":[253,436,439],"tags":[],"class_list":["post-208554","post","type-post","status-publish","format-standard","has-post-thumbnail","hentry","category-cidade","category-destaque-da-semana","category-ultima-hora"],"_links":{"self":[{"href":"https:\/\/diarioregionaldigital.com.br\/index.php?rest_route=\/wp\/v2\/posts\/208554","targetHints":{"allow":["GET"]}}],"collection":[{"href":"https:\/\/diarioregionaldigital.com.br\/index.php?rest_route=\/wp\/v2\/posts"}],"about":[{"href":"https:\/\/diarioregionaldigital.com.br\/index.php?rest_route=\/wp\/v2\/types\/post"}],"author":[{"embeddable":true,"href":"https:\/\/diarioregionaldigital.com.br\/index.php?rest_route=\/wp\/v2\/users\/246"}],"replies":[{"embeddable":true,"href":"https:\/\/diarioregionaldigital.com.br\/index.php?rest_route=%2Fwp%2Fv2%2Fcomments&post=208554"}],"version-history":[{"count":1,"href":"https:\/\/diarioregionaldigital.com.br\/index.php?rest_route=\/wp\/v2\/posts\/208554\/revisions"}],"predecessor-version":[{"id":208556,"href":"https:\/\/diarioregionaldigital.com.br\/index.php?rest_route=\/wp\/v2\/posts\/208554\/revisions\/208556"}],"wp:featuredmedia":[{"embeddable":true,"href":"https:\/\/diarioregionaldigital.com.br\/index.php?rest_route=\/wp\/v2\/media\/208555"}],"wp:attachment":[{"href":"https:\/\/diarioregionaldigital.com.br\/index.php?rest_route=%2Fwp%2Fv2%2Fmedia&parent=208554"}],"wp:term":[{"taxonomy":"category","embeddable":true,"href":"https:\/\/diarioregionaldigital.com.br\/index.php?rest_route=%2Fwp%2Fv2%2Fcategories&post=208554"},{"taxonomy":"post_tag","embeddable":true,"href":"https:\/\/diarioregionaldigital.com.br\/index.php?rest_route=%2Fwp%2Fv2%2Ftags&post=208554"}],"curies":[{"name":"wp","href":"https:\/\/api.w.org\/{rel}","templated":true}]}}