{"id":208551,"date":"2023-01-02T18:38:31","date_gmt":"2023-01-02T21:38:31","guid":{"rendered":"https:\/\/diarioregionaldigital.com.br\/?p=208551"},"modified":"2023-01-02T18:38:31","modified_gmt":"2023-01-02T21:38:31","slug":"parque-da-lajinha-ultrapassa-cem-mil-visitantes-em-2022","status":"publish","type":"post","link":"https:\/\/diarioregionaldigital.com.br\/?p=208551","title":{"rendered":"Parque da Lajinha ultrapassa cem mil visitantes em 2022"},"content":{"rendered":"<p>Segundo informa\u00e7\u00f5es do site da Prefeitura de Juiz de Fora (PJF), o\u00a0ano de 2022 foi de sucesso para o Parque Natural Municipal da Lajinha. Ao todo, foram 145.589 visitas, entre elas, ensaios fotogr\u00e1ficos e eventos particulares, al\u00e9m da\u00a0 presen\u00e7a de 1.495 participantes das visitas orientadas.<\/p>\n<p>No per\u00edodo de janeiro a dezembro, foram realizados 40 eventos e a\u00e7\u00f5es, com destaque para o Domingo no Parque, realizado em todo segundo domingo do m\u00eas em que diversas atividades l\u00fadicas e interativas s\u00e3o oferecidas ao p\u00fablico refor\u00e7ando a import\u00e2ncia da preserva\u00e7\u00e3o do meio ambiente e seus recursos naturais.<\/p>\n<p>Ao longo do ano, o Parque da Lajinha foi cen\u00e1rio de eventos importantes da PJF. Em mar\u00e7o recebeu o evento da Semana da \u00c1gua \u2013 Mudan\u00e7as Clim\u00e1ticas e Preserva\u00e7\u00e3o dos Recursos H\u00eddricos e a Roda de Conversa \u2013 Mulher e sua dupla jornada de trabalho \u2013 Sesmaur \u2013 Parque Municipal. Em junho, a Semana de Meio Ambiente, e em julho realizou a 1\u00aa Col\u00f4nia de F\u00e9rias do Parque da Lajinha<\/p>\n<p>Em setembro, o equipamento recebeu a Semana da \u00c1rvore; em outubro a Visita teatralizada com a Funalfa, sobre os bondes do Parque da Lajinha, contribuindo para a presen\u00e7a de um p\u00fablico diversificado para o parque.<\/p>\n<p>O Parque da Lajinha est\u00e1 localizado na Avenida Deusdedith Salgado, s\/n, no bairro Teixeiras. O funcionamento do parque \u00e9 de ter\u00e7a-feira \u00e0 domingo, de 8h \u00e0s 17h, com entrada permitida at\u00e9 \u00e0s 16:30.<\/p>\n<p><strong>Outras informa\u00e7\u00f5es:\u00a0<\/strong><\/p>\n<p>Secretaria de Sustentabilidade em Meio Ambiente e Atividades Urbanas (Sesmaur) &#8211; 3690-7142<\/p>\n<p>DEAPREN: 3690-7118<\/p>\n<p>Parque da Lajinha: 3690-8577<\/p>\n","protected":false},"excerpt":{"rendered":"<p>Segundo informa\u00e7\u00f5es do site da Prefeitura de Juiz de Fora (PJF), o\u00a0ano de 2022 foi de sucesso para o Parque Natural Municipal da Lajinha. Ao todo, foram 145.589 visitas, entre elas, ensaios fotogr\u00e1ficos e eventos particulares, al\u00e9m da\u00a0 presen\u00e7a de 1.495 participantes das visitas orientadas. No per\u00edodo de janeiro a dezembro, foram realizados 40 eventos [&hellip;]<\/p>\n","protected":false},"author":246,"featured_media":208552,"comment_status":"closed","ping_status":"closed","sticky":false,"template":"","format":"standard","meta":{"footnotes":""},"categories":[253,436,439],"tags":[],"class_list":["post-208551","post","type-post","status-publish","format-standard","has-post-thumbnail","hentry","category-cidade","category-destaque-da-semana","category-ultima-hora"],"_links":{"self":[{"href":"https:\/\/diarioregionaldigital.com.br\/index.php?rest_route=\/wp\/v2\/posts\/208551","targetHints":{"allow":["GET"]}}],"collection":[{"href":"https:\/\/diarioregionaldigital.com.br\/index.php?rest_route=\/wp\/v2\/posts"}],"about":[{"href":"https:\/\/diarioregionaldigital.com.br\/index.php?rest_route=\/wp\/v2\/types\/post"}],"author":[{"embeddable":true,"href":"https:\/\/diarioregionaldigital.com.br\/index.php?rest_route=\/wp\/v2\/users\/246"}],"replies":[{"embeddable":true,"href":"https:\/\/diarioregionaldigital.com.br\/index.php?rest_route=%2Fwp%2Fv2%2Fcomments&post=208551"}],"version-history":[{"count":1,"href":"https:\/\/diarioregionaldigital.com.br\/index.php?rest_route=\/wp\/v2\/posts\/208551\/revisions"}],"predecessor-version":[{"id":208553,"href":"https:\/\/diarioregionaldigital.com.br\/index.php?rest_route=\/wp\/v2\/posts\/208551\/revisions\/208553"}],"wp:featuredmedia":[{"embeddable":true,"href":"https:\/\/diarioregionaldigital.com.br\/index.php?rest_route=\/wp\/v2\/media\/208552"}],"wp:attachment":[{"href":"https:\/\/diarioregionaldigital.com.br\/index.php?rest_route=%2Fwp%2Fv2%2Fmedia&parent=208551"}],"wp:term":[{"taxonomy":"category","embeddable":true,"href":"https:\/\/diarioregionaldigital.com.br\/index.php?rest_route=%2Fwp%2Fv2%2Fcategories&post=208551"},{"taxonomy":"post_tag","embeddable":true,"href":"https:\/\/diarioregionaldigital.com.br\/index.php?rest_route=%2Fwp%2Fv2%2Ftags&post=208551"}],"curies":[{"name":"wp","href":"https:\/\/api.w.org\/{rel}","templated":true}]}}