{"id":208502,"date":"2022-12-30T16:09:03","date_gmt":"2022-12-30T19:09:03","guid":{"rendered":"https:\/\/diarioregionaldigital.com.br\/?p=208502"},"modified":"2022-12-30T16:09:03","modified_gmt":"2022-12-30T19:09:03","slug":"demlurb-realiza-todos-os-servicos-na-vespera-de-feriado-31-e-ano-novo-1o","status":"publish","type":"post","link":"https:\/\/diarioregionaldigital.com.br\/?p=208502","title":{"rendered":"Demlurb realiza todos os servi\u00e7os na v\u00e9spera de feriado, 31, e Ano Novo, 1\u00ba"},"content":{"rendered":"<p>Segundo informa\u00e7\u00f5es do site da Prefeitura de Juiz de Fora (PJF), na v\u00e9spera de Ano Novo, 31, o servi\u00e7o de coleta de lixo domiciliar e seletiva, realizado pelo Departamento Municipal de Limpeza Urbana (Demlurb) da Prefeitura de Juiz de Fora (PJF), ser\u00e1 executado normalmente ao longo do dia. Os hor\u00e1rios e rotas de coleta est\u00e3o dispon\u00edveis no <a href=\"https:\/\/demlurb.pjf.mg.gov.br\/rotas.php\">Portal Demlurb<\/a>. Os demais servi\u00e7os realizados pelo Departamento tamb\u00e9m ser\u00e3o realizados sem altera\u00e7\u00e3o e redu\u00e7\u00e3o de hor\u00e1rio.<br \/>\nJ\u00e1 no domingo de Ano Novo, 1\u00ba, o setor de varri\u00e7\u00e3o funcionar\u00e1 regularmente, contando ainda com atua\u00e7\u00e3o itinerante no mergulh\u00e3o, localizado na Av. Bar\u00e3o do Rio Branco, e em outros pontos da regi\u00e3o central para realizar o servi\u00e7o de limpeza das vias p\u00fablicas. A a\u00e7\u00e3o conta com o apoio dos agentes de tr\u00e2nsito da Secretaria de Mobilidade Urbana (SMU).<br \/>\nAl\u00e9m disso, em decorr\u00eancia do per\u00edodo chuvoso, o Demlurb ter\u00e1 equipe em regime de plant\u00e3o para atender poss\u00edveis demandas emergenciais.<\/p>\n","protected":false},"excerpt":{"rendered":"<p>Segundo informa\u00e7\u00f5es do site da Prefeitura de Juiz de Fora (PJF), na v\u00e9spera de Ano Novo, 31, o servi\u00e7o de coleta de lixo domiciliar e seletiva, realizado pelo Departamento Municipal de Limpeza Urbana (Demlurb) da Prefeitura de Juiz de Fora (PJF), ser\u00e1 executado normalmente ao longo do dia. Os hor\u00e1rios e rotas de coleta est\u00e3o [&hellip;]<\/p>\n","protected":false},"author":246,"featured_media":208503,"comment_status":"closed","ping_status":"closed","sticky":false,"template":"","format":"standard","meta":{"footnotes":""},"categories":[253,436,439],"tags":[],"class_list":["post-208502","post","type-post","status-publish","format-standard","has-post-thumbnail","hentry","category-cidade","category-destaque-da-semana","category-ultima-hora"],"_links":{"self":[{"href":"https:\/\/diarioregionaldigital.com.br\/index.php?rest_route=\/wp\/v2\/posts\/208502","targetHints":{"allow":["GET"]}}],"collection":[{"href":"https:\/\/diarioregionaldigital.com.br\/index.php?rest_route=\/wp\/v2\/posts"}],"about":[{"href":"https:\/\/diarioregionaldigital.com.br\/index.php?rest_route=\/wp\/v2\/types\/post"}],"author":[{"embeddable":true,"href":"https:\/\/diarioregionaldigital.com.br\/index.php?rest_route=\/wp\/v2\/users\/246"}],"replies":[{"embeddable":true,"href":"https:\/\/diarioregionaldigital.com.br\/index.php?rest_route=%2Fwp%2Fv2%2Fcomments&post=208502"}],"version-history":[{"count":1,"href":"https:\/\/diarioregionaldigital.com.br\/index.php?rest_route=\/wp\/v2\/posts\/208502\/revisions"}],"predecessor-version":[{"id":208504,"href":"https:\/\/diarioregionaldigital.com.br\/index.php?rest_route=\/wp\/v2\/posts\/208502\/revisions\/208504"}],"wp:featuredmedia":[{"embeddable":true,"href":"https:\/\/diarioregionaldigital.com.br\/index.php?rest_route=\/wp\/v2\/media\/208503"}],"wp:attachment":[{"href":"https:\/\/diarioregionaldigital.com.br\/index.php?rest_route=%2Fwp%2Fv2%2Fmedia&parent=208502"}],"wp:term":[{"taxonomy":"category","embeddable":true,"href":"https:\/\/diarioregionaldigital.com.br\/index.php?rest_route=%2Fwp%2Fv2%2Fcategories&post=208502"},{"taxonomy":"post_tag","embeddable":true,"href":"https:\/\/diarioregionaldigital.com.br\/index.php?rest_route=%2Fwp%2Fv2%2Ftags&post=208502"}],"curies":[{"name":"wp","href":"https:\/\/api.w.org\/{rel}","templated":true}]}}