{"id":208478,"date":"2022-12-30T15:50:18","date_gmt":"2022-12-30T18:50:18","guid":{"rendered":"https:\/\/diarioregionaldigital.com.br\/?p=208478"},"modified":"2022-12-30T15:50:18","modified_gmt":"2022-12-30T18:50:18","slug":"rally-dakar-chega-a-45a-edicao-com-11-brasileiros-na-disputa","status":"publish","type":"post","link":"https:\/\/diarioregionaldigital.com.br\/?p=208478","title":{"rendered":"Rally Dakar chega \u00e0 45\u00aa edi\u00e7\u00e3o com 11 brasileiros na disputa"},"content":{"rendered":"<p>O Rally Dakar, uma das provas mais tradicionais do automobilismo mundial, est\u00e1 prestes de come\u00e7ar. A 45\u00aa edi\u00e7\u00e3o da competi\u00e7\u00e3o, com um percurso de 8.549 quil\u00f4metros (km), ser\u00e1 disputada entre os dias 1\u00ba e 15 de janeiro de 2023 e contar\u00e1 com a participa\u00e7\u00e3o de 11\u00a0brasileiros, que estar\u00e3o no comando de nove ve\u00edculos.<img decoding=\"async\" src=\"https:\/\/agenciabrasil.ebc.com.br\/ebc.png?id=1500650&amp;o=node\" \/><img decoding=\"async\" src=\"https:\/\/agenciabrasil.ebc.com.br\/ebc.gif?id=1500650&amp;o=node\" \/><\/p>\n<p>Entre os representantes do Brasil est\u00e1 o atual bicampe\u00e3o do Rally dos Sert\u00f5es, Lucas Moraes, que conduzir\u00e1 o Toyota Hilux DKR IMT da equipe belga Overdrive Racing na categoria principal, a T1+. \u201cPosso dizer com certeza que o Dakar deste ano \u00e9 um marco na minha carreira\u201d, declarou o brasileiro.<\/p>\n<p>\u201cEstamos na reta final do nosso programa para o Dakar, e quero ficar o mais pronto poss\u00edvel para fazer uma boa prova nas dunas, que s\u00e3o um terreno diferente daqueles aos quais estamos acostumados no Brasil. Certamente haver\u00e1 uma curva de aprendizado, mas estamos bem confiantes\u201d, declarou.<\/p>\n<p>O navegador bicampe\u00e3o do Dakar entre os Prot\u00f3tipos Leves (UTVs fabricados especificamente para competi\u00e7\u00e3o), Gustavo Gugelmin, segue em sua parceria com o norte-americano Austin Jones que lhe rendeu o t\u00edtulo no evento em 2022. Mais duas duplas brasileiras disputar\u00e3o a categoria Prot\u00f3tipos Leves: Pamela Bozzano e Carlos Sachs, e Enio Bozzano J\u00fanior e Luciano Gomes. Pamela ser\u00e1 a primeira piloto do Brasil a competir na prova.<\/p>\n<p>J\u00e1 nos UTVs de produ\u00e7\u00e3o (fabricados para uso normal, mas adaptados para competi\u00e7\u00e3o) Rodrigo Luppi de Oliveira e Maykel Justo estar\u00e3o juntos, com Bruno Conti de Oliveira e Pedro Bianchi Prata formando outra equipe e ainda Cristiano Batista e Fausto Mota atuando em dupla. O Brasil contar\u00e1 ainda com Marcelo Medeiros na categoria Quadriciclos.<\/p>\n<p><span style=\"font-weight: 400;\">Fonte: Ag\u00eancia Brasil <\/span><\/p>\n","protected":false},"excerpt":{"rendered":"<p>O Rally Dakar, uma das provas mais tradicionais do automobilismo mundial, est\u00e1 prestes de come\u00e7ar. A 45\u00aa edi\u00e7\u00e3o da competi\u00e7\u00e3o, com um percurso de 8.549 quil\u00f4metros (km), ser\u00e1 disputada entre os dias 1\u00ba e 15 de janeiro de 2023 e contar\u00e1 com a participa\u00e7\u00e3o de 11\u00a0brasileiros, que estar\u00e3o no comando de nove ve\u00edculos. Entre os [&hellip;]<\/p>\n","protected":false},"author":246,"featured_media":208479,"comment_status":"closed","ping_status":"closed","sticky":false,"template":"","format":"standard","meta":{"footnotes":""},"categories":[436,440,257,439],"tags":[],"class_list":["post-208478","post","type-post","status-publish","format-standard","has-post-thumbnail","hentry","category-destaque-da-semana","category-destaques-do-dia","category-esporte","category-ultima-hora"],"_links":{"self":[{"href":"https:\/\/diarioregionaldigital.com.br\/index.php?rest_route=\/wp\/v2\/posts\/208478","targetHints":{"allow":["GET"]}}],"collection":[{"href":"https:\/\/diarioregionaldigital.com.br\/index.php?rest_route=\/wp\/v2\/posts"}],"about":[{"href":"https:\/\/diarioregionaldigital.com.br\/index.php?rest_route=\/wp\/v2\/types\/post"}],"author":[{"embeddable":true,"href":"https:\/\/diarioregionaldigital.com.br\/index.php?rest_route=\/wp\/v2\/users\/246"}],"replies":[{"embeddable":true,"href":"https:\/\/diarioregionaldigital.com.br\/index.php?rest_route=%2Fwp%2Fv2%2Fcomments&post=208478"}],"version-history":[{"count":1,"href":"https:\/\/diarioregionaldigital.com.br\/index.php?rest_route=\/wp\/v2\/posts\/208478\/revisions"}],"predecessor-version":[{"id":208480,"href":"https:\/\/diarioregionaldigital.com.br\/index.php?rest_route=\/wp\/v2\/posts\/208478\/revisions\/208480"}],"wp:featuredmedia":[{"embeddable":true,"href":"https:\/\/diarioregionaldigital.com.br\/index.php?rest_route=\/wp\/v2\/media\/208479"}],"wp:attachment":[{"href":"https:\/\/diarioregionaldigital.com.br\/index.php?rest_route=%2Fwp%2Fv2%2Fmedia&parent=208478"}],"wp:term":[{"taxonomy":"category","embeddable":true,"href":"https:\/\/diarioregionaldigital.com.br\/index.php?rest_route=%2Fwp%2Fv2%2Fcategories&post=208478"},{"taxonomy":"post_tag","embeddable":true,"href":"https:\/\/diarioregionaldigital.com.br\/index.php?rest_route=%2Fwp%2Fv2%2Ftags&post=208478"}],"curies":[{"name":"wp","href":"https:\/\/api.w.org\/{rel}","templated":true}]}}