{"id":208435,"date":"2022-12-29T19:26:16","date_gmt":"2022-12-29T22:26:16","guid":{"rendered":"https:\/\/diarioregionaldigital.com.br\/?p=208435"},"modified":"2022-12-29T19:26:16","modified_gmt":"2022-12-29T22:26:16","slug":"smu-reestrutura-sistema-de-transporte-publico-com-manutencao-do-preco-da-passagem","status":"publish","type":"post","link":"https:\/\/diarioregionaldigital.com.br\/?p=208435","title":{"rendered":"SMU reestrutura sistema de transporte p\u00fablico com manuten\u00e7\u00e3o do pre\u00e7o da passagem"},"content":{"rendered":"<p>Segundo informa\u00e7\u00f5es do site da Prefeitura de Juiz de Fora (PJF), com di\u00e1logo com a popula\u00e7\u00e3o, uma das principais a\u00e7\u00f5es realizadas pela Prefeitura em 2022 foi a transfer\u00eancia das linhas do Cons\u00f3rcio Manchester para o Cons\u00f3rcio Via JF. A caducidade do contrato foi anunciada em junho, com a transfer\u00eancia sendo iniciada em setembro. Com a troca, o transporte p\u00fablico de Juiz de Fora teve aumento nas linhas disponibilizadas, com itiner\u00e1rios e hor\u00e1rios dos \u00f4nibus tamb\u00e9m tendo mudan\u00e7as para melhor atendimento \u00e0 popula\u00e7\u00e3o.<\/p>\n<p>A Prefeitura tamb\u00e9m manteve o pre\u00e7o da passagem para o transporte p\u00fablico em Juiz de Fora. A tarifa de R$ 3,75 \u00e9 a mesma desde 2019. O subs\u00eddio para a manuten\u00e7\u00e3o dos pre\u00e7os tamb\u00e9m foi aplicado em 2021.<\/p>\n<p>Para melhorar ainda mais os servi\u00e7os, est\u00e1 em fase final de elabora\u00e7\u00e3o um estudo para reformula\u00e7\u00e3o total e aprimoramento do sistema de transporte coletivo urbano, que est\u00e1 sendo desenvolvido em parceria com a Universidade Federal de Juiz de Fora (UFJF).<\/p>\n<p><strong>Transporte Urbano recebe mais de 170 carros zero-quil\u00f4metro<\/strong><\/p>\n<p>Outro trabalho importante realizado foi a renova\u00e7\u00e3o da frota de \u00f4nibus que circula na cidade, com a aquisi\u00e7\u00e3o de mais de 170 carros zero-quil\u00f4metro, que come\u00e7aram a atender a popula\u00e7\u00e3o no m\u00eas de setembro. Tamb\u00e9m foram criadas tr\u00eas novas linhas de \u00f4nibus: a linha 170 \u2013 Zona Nordeste\/UFJF, 655 \u2013 IF Sudeste\/UFJF, e a 127 \u2013 Circular Santa Luzia.<\/p>\n<p>Com as melhorias no sistema do Transporte Coletivo Urbano, ocorreu o aumento expressivo de usu\u00e1rios: em abril de 2020 (pandemia), foram 2.651.157 de usu\u00e1rios; j\u00e1 no m\u00eas de novembro de 2022, o n\u00famero de atendidos mais do que dobrou, tendo totalizado 6.041.868 de usu\u00e1rios.<\/p>\n<p><strong>Aeroporto da Serrinha firma acordo para receber voos comerciais\u00a0<\/strong><\/p>\n<p>Como forma de garantir o desenvolvimento econ\u00f4mico e social da cidade e atrair mais investimentos, a Prefeitura de Juiz de Fora (PJF) consolidou contrato com a Infraero para a opera\u00e7\u00e3o e gest\u00e3o do Aeroporto da Serrinha. No momento, a Infraero est\u00e1 em fase de finaliza\u00e7\u00e3o das regulamenta\u00e7\u00f5es necess\u00e1rias para o aeroporto receber voos comerciais.<\/p>\n<p><strong>Nova regulamenta\u00e7\u00e3o para circula\u00e7\u00e3o de cargas no Munic\u00edpio\u00a0<\/strong><\/p>\n<p>Em novembro, a Prefeitura publicou o decreto 15.592, que regulamenta onde e como poder\u00e3o circular os ve\u00edculos de cargas dentro da cidade. A medida tem como objetivo disciplinar o transporte na \u00e1rea urbana de Juiz de Fora, para que a mobilidade urbana na cidade n\u00e3o cause problemas para a pavimenta\u00e7\u00e3o do munic\u00edpio, al\u00e9m de outros transtornos.<\/p>\n<p><strong>PJF realiza mais de 176 mil m\u00b2 de pinturas nas vias<\/strong><\/p>\n<p>A PJF iniciou uma for\u00e7a-tarefa para revitalizar as pinturas de sinaliza\u00e7\u00e3o de tr\u00e2nsito das vias de toda a cidade. Os principais corredores de acesso contemplados foram a Rua Bernardo Mascarenhas, no bairro F\u00e1brica; as ruas Olavo Bilac e Coronel Vidal, no bairro Cer\u00e2mica; Avenida Rui Barbosa, em Santa Terezinha; e Avenida Rio Branco, no Centro. Mais de 176.960,77m\u00b2 de via j\u00e1 foram pintados.<\/p>\n<p>As placas de tr\u00e2nsito da sinaliza\u00e7\u00e3o vertical tamb\u00e9m est\u00e3o sendo revitalizadas ou instaladas onde n\u00e3o havia. Neste ano, foram instaladas 2.398 placas de tr\u00e2nsito.<\/p>\n<p><strong>Reativa\u00e7\u00e3o do Conselho Municipal de Transporte e Tr\u00e2nsito<\/strong><\/p>\n<p>\u00d3rg\u00e3o respons\u00e1vel por garantir o acesso \u00e0s informa\u00e7\u00f5es e a participa\u00e7\u00e3o popular no planejamento, opera\u00e7\u00e3o e fiscaliza\u00e7\u00e3o do sistema de Transporte P\u00fablico e Tr\u00e2nsito, o Conselho Municipal de Transporte e Tr\u00e2nsito (CMTT) foi reativado neste ano pela Prefeitura. Desativado desde 2019, as assembleias eletivas para a escolha dos membros da comunidade usu\u00e1ria foram realizadas em mar\u00e7o deste ano. A lei municipal n\u00ba 13.101, de 9 de fevereiro de 2015, disp\u00f5e sobre as atribui\u00e7\u00f5es e contribui\u00e7\u00f5es do conselho, que possui um total de 28 membros.<\/p>\n","protected":false},"excerpt":{"rendered":"<p>Segundo informa\u00e7\u00f5es do site da Prefeitura de Juiz de Fora (PJF), com di\u00e1logo com a popula\u00e7\u00e3o, uma das principais a\u00e7\u00f5es realizadas pela Prefeitura em 2022 foi a transfer\u00eancia das linhas do Cons\u00f3rcio Manchester para o Cons\u00f3rcio Via JF. A caducidade do contrato foi anunciada em junho, com a transfer\u00eancia sendo iniciada em setembro. Com a [&hellip;]<\/p>\n","protected":false},"author":246,"featured_media":208436,"comment_status":"closed","ping_status":"closed","sticky":false,"template":"","format":"standard","meta":{"footnotes":""},"categories":[253,436,439],"tags":[],"class_list":["post-208435","post","type-post","status-publish","format-standard","has-post-thumbnail","hentry","category-cidade","category-destaque-da-semana","category-ultima-hora"],"_links":{"self":[{"href":"https:\/\/diarioregionaldigital.com.br\/index.php?rest_route=\/wp\/v2\/posts\/208435","targetHints":{"allow":["GET"]}}],"collection":[{"href":"https:\/\/diarioregionaldigital.com.br\/index.php?rest_route=\/wp\/v2\/posts"}],"about":[{"href":"https:\/\/diarioregionaldigital.com.br\/index.php?rest_route=\/wp\/v2\/types\/post"}],"author":[{"embeddable":true,"href":"https:\/\/diarioregionaldigital.com.br\/index.php?rest_route=\/wp\/v2\/users\/246"}],"replies":[{"embeddable":true,"href":"https:\/\/diarioregionaldigital.com.br\/index.php?rest_route=%2Fwp%2Fv2%2Fcomments&post=208435"}],"version-history":[{"count":1,"href":"https:\/\/diarioregionaldigital.com.br\/index.php?rest_route=\/wp\/v2\/posts\/208435\/revisions"}],"predecessor-version":[{"id":208437,"href":"https:\/\/diarioregionaldigital.com.br\/index.php?rest_route=\/wp\/v2\/posts\/208435\/revisions\/208437"}],"wp:featuredmedia":[{"embeddable":true,"href":"https:\/\/diarioregionaldigital.com.br\/index.php?rest_route=\/wp\/v2\/media\/208436"}],"wp:attachment":[{"href":"https:\/\/diarioregionaldigital.com.br\/index.php?rest_route=%2Fwp%2Fv2%2Fmedia&parent=208435"}],"wp:term":[{"taxonomy":"category","embeddable":true,"href":"https:\/\/diarioregionaldigital.com.br\/index.php?rest_route=%2Fwp%2Fv2%2Fcategories&post=208435"},{"taxonomy":"post_tag","embeddable":true,"href":"https:\/\/diarioregionaldigital.com.br\/index.php?rest_route=%2Fwp%2Fv2%2Ftags&post=208435"}],"curies":[{"name":"wp","href":"https:\/\/api.w.org\/{rel}","templated":true}]}}