{"id":208432,"date":"2022-12-29T19:24:11","date_gmt":"2022-12-29T22:24:11","guid":{"rendered":"https:\/\/diarioregionaldigital.com.br\/?p=208432"},"modified":"2022-12-29T19:27:11","modified_gmt":"2022-12-29T22:27:11","slug":"prefeitura-promove-shows-de-reveillon-no-calcadao-da-rua-halfeld","status":"publish","type":"post","link":"https:\/\/diarioregionaldigital.com.br\/?p=208432","title":{"rendered":"Prefeitura promove shows de r\u00e9veillon no Cal\u00e7ad\u00e3o da Rua Halfeld"},"content":{"rendered":"<p>Segundo informa\u00e7\u00f5es do site da Prefeitura de Juiz de Fora (PJF), para celebrar a chegada de 2023, a Prefeitura de Juiz de Fora (PJF) preparou uma grande festa de r\u00e9veillon para toda cidade, com direito a m\u00fasica ao vivo. No s\u00e1bado, 31, as comemora\u00e7\u00f5es gratuitas ter\u00e3o in\u00edcio ao meio-dia, na Pra\u00e7a Jo\u00e3o Pessoa, em frente ao Cine-Theatro Central. J\u00e1 na virada, \u00e0 meia-noite, ser\u00e1 realizada a queima de fogos, sem barulho, que ser\u00e3o disparados do Morro do Cristo. O objetivo \u00e9\u00a0\u00a0resgatar as tradi\u00e7\u00f5es juiz-foranas, atrair turistas e movimentar a economia.<\/p>\n<p>A festa em comemora\u00e7\u00e3o ao novo ano vai come\u00e7ar cedo. Os artistas Marcus Amaral, Cesar 7 Cordas e Fabr\u00edcia Valle v\u00e3o se apresentar no formato voz, viol\u00e3o e percuss\u00e3o, com o show intitulado \u201cT\u00e1 Na Hora Da Virada\u201d, que vai reunir m\u00fasicas do repert\u00f3rio de Alcione e Clara Nunes, al\u00e9m de sambas imortais do cancioneiro popular. J\u00e1 o grupo Batuque na Roda ter\u00e1 como proposta sonora a difus\u00e3o do samba e do pagode como cultura viva, descontra\u00edda e com estilos popularmente conhecidos.<br \/>\nA celebra\u00e7\u00e3o durante o dia tamb\u00e9m ser\u00e1 comandada pela cantora Sandra Portella, um dos nomes mais conhecidos do cen\u00e1rio musical de Juiz de Fora. Em dezembro de 2017 a artista lan\u00e7ou o CD \u201cBanho de F\u00e9\u201d, com as participa\u00e7\u00f5es de Martinho da Vila e Moacyr Luz, tendo sido indicada para o Pr\u00eamio da M\u00fasica Brasileira, na categoria de melhor cantora de samba. Em 2018 dividiu o palco com Rildo Hora, Moacyr Luz, Sandra de S\u00e1 e Milton Cunha.<\/p>\n<p>O show pirot\u00e9cnico, com alto padr\u00e3o de qualidade e beleza, ir\u00e1 durar cerca de dez minutos, com fogos de diversos tamanhos e com cores variadas, como vermelho, azul e prata. O espet\u00e1culo de efeitos visuais sem barulho poder\u00e1 ser acompanhado de v\u00e1rias regi\u00f5es da cidade. Por quest\u00f5es de seguran\u00e7a, n\u00e3o est\u00e1 autorizada a presen\u00e7a de p\u00fablico no Morro do Cristo.<\/p>\n<p><strong>Confira a programa\u00e7\u00e3o da festa de R\u00e9veillon:<br \/>\n<\/strong><br \/>\n<strong>Pra\u00e7a Jo\u00e3o Pessoa, em frente ao Cine-Theatro Central<\/strong><\/p>\n<p><strong>12h\u00a0<\/strong>&#8211;\u00a0Apresenta\u00e7\u00f5es dos artistas Sandra Portella;\u00a0Marcus Amaral, Cesar 7 Cordas e\u00a0 Fabr\u00edcia Valle;\u00a0 e o grupo Batuque na Roda.<br \/>\n<strong>Morro do Cristo<\/strong><\/p>\n<p><strong>00h<\/strong>\u00a0&#8211; Queima de fogos sem barulho<\/p>\n<p>&nbsp;<\/p>\n","protected":false},"excerpt":{"rendered":"<p>Segundo informa\u00e7\u00f5es do site da Prefeitura de Juiz de Fora (PJF), para celebrar a chegada de 2023, a Prefeitura de Juiz de Fora (PJF) preparou uma grande festa de r\u00e9veillon para toda cidade, com direito a m\u00fasica ao vivo. No s\u00e1bado, 31, as comemora\u00e7\u00f5es gratuitas ter\u00e3o in\u00edcio ao meio-dia, na Pra\u00e7a Jo\u00e3o Pessoa, em frente [&hellip;]<\/p>\n","protected":false},"author":246,"featured_media":208433,"comment_status":"closed","ping_status":"closed","sticky":false,"template":"","format":"standard","meta":{"footnotes":""},"categories":[253,436,440,439],"tags":[],"class_list":["post-208432","post","type-post","status-publish","format-standard","has-post-thumbnail","hentry","category-cidade","category-destaque-da-semana","category-destaques-do-dia","category-ultima-hora"],"_links":{"self":[{"href":"https:\/\/diarioregionaldigital.com.br\/index.php?rest_route=\/wp\/v2\/posts\/208432","targetHints":{"allow":["GET"]}}],"collection":[{"href":"https:\/\/diarioregionaldigital.com.br\/index.php?rest_route=\/wp\/v2\/posts"}],"about":[{"href":"https:\/\/diarioregionaldigital.com.br\/index.php?rest_route=\/wp\/v2\/types\/post"}],"author":[{"embeddable":true,"href":"https:\/\/diarioregionaldigital.com.br\/index.php?rest_route=\/wp\/v2\/users\/246"}],"replies":[{"embeddable":true,"href":"https:\/\/diarioregionaldigital.com.br\/index.php?rest_route=%2Fwp%2Fv2%2Fcomments&post=208432"}],"version-history":[{"count":2,"href":"https:\/\/diarioregionaldigital.com.br\/index.php?rest_route=\/wp\/v2\/posts\/208432\/revisions"}],"predecessor-version":[{"id":208438,"href":"https:\/\/diarioregionaldigital.com.br\/index.php?rest_route=\/wp\/v2\/posts\/208432\/revisions\/208438"}],"wp:featuredmedia":[{"embeddable":true,"href":"https:\/\/diarioregionaldigital.com.br\/index.php?rest_route=\/wp\/v2\/media\/208433"}],"wp:attachment":[{"href":"https:\/\/diarioregionaldigital.com.br\/index.php?rest_route=%2Fwp%2Fv2%2Fmedia&parent=208432"}],"wp:term":[{"taxonomy":"category","embeddable":true,"href":"https:\/\/diarioregionaldigital.com.br\/index.php?rest_route=%2Fwp%2Fv2%2Fcategories&post=208432"},{"taxonomy":"post_tag","embeddable":true,"href":"https:\/\/diarioregionaldigital.com.br\/index.php?rest_route=%2Fwp%2Fv2%2Ftags&post=208432"}],"curies":[{"name":"wp","href":"https:\/\/api.w.org\/{rel}","templated":true}]}}