{"id":208429,"date":"2022-12-29T19:20:32","date_gmt":"2022-12-29T22:20:32","guid":{"rendered":"https:\/\/diarioregionaldigital.com.br\/?p=208429"},"modified":"2022-12-29T19:20:32","modified_gmt":"2022-12-29T22:20:32","slug":"pele-mudou-os-rumos-do-esporte-mais-popular-do-brasil","status":"publish","type":"post","link":"https:\/\/diarioregionaldigital.com.br\/?p=208429","title":{"rendered":"Pel\u00e9 mudou os rumos do esporte mais popular do Brasil"},"content":{"rendered":"<p>O futebol brasileiro tem v\u00e1rios personagens. Por\u00e9m, nenhum deles teve o protagonismo de Edson Arantes do Nascimento. A import\u00e2ncia de Pel\u00e9 \u00e9 tamanha que \u00e9 poss\u00edvel falar que, a partir dele, o mundo mudou a forma de ver os jogadores e a sele\u00e7\u00e3o do Brasil. Hoje (29), aos 82 anos,\u00a0<a href=\"https:\/\/agenciabrasil.ebc.com.br\/geral\/noticia\/2022-12\/rei-do-futebol-pele-morre-aos-82-anos\" target=\"_blank\" rel=\"noopener\">Pel\u00e9\u00a0morreu no Hospital Albert Einstein<\/a>, na zona Sul da capital paulista,\u00a0em decorr\u00eancia de fal\u00eancia m\u00faltipla de \u00f3rg\u00e3os.\u00a0<img decoding=\"async\" src=\"https:\/\/agenciabrasil.ebc.com.br\/ebc.png?id=1500456&amp;o=node\" \/><img decoding=\"async\" src=\"https:\/\/agenciabrasil.ebc.com.br\/ebc.gif?id=1500456&amp;o=node\" \/><\/p>\n<p>A trajet\u00f3ria daquele que viria a ser conhecido como o Rei do Futebol come\u00e7ou de forma muito comum. Nascido em\u00a0<span id=\"OBJ_PREFIX_DWT1801_com_zimbra_date\" role=\"link\">23 de outubro<\/span>\u00a0de 1940, na cidade mineira de Tr\u00eas Cora\u00e7\u00f5es, Pel\u00e9 veio de uma fam\u00edlia pobre, que trabalhava duro para educar os filhos.<\/p>\n<p>Ainda na inf\u00e2ncia, um fato pareceu definir sua rela\u00e7\u00e3o com o futebol. Ao ver seu pai, o ex-jogador Jos\u00e9 Ramos do Nascimento, o Dondinho, chorar ap\u00f3s a derrota da sele\u00e7\u00e3o brasileira na final da Copa do Mundo de 1950, o pequeno Edson prometeu que conquistaria o primeiro Mundial do pa\u00eds.<\/p>\n<p>Antes de cumprir esta promessa, Pel\u00e9 daria os primeiros passos no esporte na cidade paulista de Bauru, para onde sua fam\u00edlia se mudou durante sua inf\u00e2ncia. L\u00e1, defendeu v\u00e1rias equipes amadoras de futebol de campo e sal\u00e3o, at\u00e9 que, ao completar 15 anos, foi levado para fazer um teste no Santos. Aprovado, foi contratado em junho de 1956 e come\u00e7ou a defender a equipe da Vila Belmiro.<\/p>\n<p>No Santos, desandou a marcar gols, o que lhe garantiu a primeira convoca\u00e7\u00e3o para a sele\u00e7\u00e3o brasileira em 1957 para participar da Copa Roca, competi\u00e7\u00e3o na qual fez seu primeiro tento e iniciou uma caminhada de conquistas.<\/p>\n<h2>Rei desde jovem<\/h2>\n<p>A qualidade de Pel\u00e9 era tamanha que a ideia de que ele era o rei do futebol surgiu antes mesmo da conquista de um t\u00edtulo de express\u00e3o pela sele\u00e7\u00e3o. Jovem ainda, aos 17 anos, meses antes da disputa da Copa de 1958, o dramaturgo Nelson Rodrigues se referiu ao jogador em uma cr\u00f4nica sobre o jogo entre Am\u00e9rica e Santos.<\/p>\n<p>\u201cO que n\u00f3s chamamos de realeza \u00e9, acima de tudo, um estado de alma. E Pel\u00e9 leva sobre os demais jogadores uma vantagem consider\u00e1vel: &#8211; a de se sentir rei, da cabe\u00e7a aos p\u00e9s. Quando ele apanha a bola e dribla um advers\u00e1rio, \u00e9 como quem enxota, quem escorra\u00e7a um plebeu ignaro e piolhento.\u201d<\/p>\n<div class=\"dnd-widget-wrapper context-cheio_8colunas type-image\">\n<div class=\"dnd-atom-rendered\">\n<p>A coroa\u00e7\u00e3o definitiva veio com a conquista dos t\u00edtulos das Copas do Mundo. \u201cEm 1957, o futebol brasileiro estava por baixo, com a derrota para a sele\u00e7\u00e3o uruguaia em 1950, a apenas regular participa\u00e7\u00e3o na Copa de 1954, os resultados fracos durante uma excurs\u00e3o \u00e0 Europa em 1956 e o fraco desempenho no Campeonato Sul-Americano de 1957. E surge Pel\u00e9, com 17 anos\u201d, relembra o pesquisador Rodrigo Saturnino.<\/p>\n<p>\u201cCom Pel\u00e9 e Garrincha, a sele\u00e7\u00e3o nunca perdeu. Foram tr\u00eas t\u00edtulos mundiais em quatro Copas. Pel\u00e9 foi o principal respons\u00e1vel por esse desempenho. A identifica\u00e7\u00e3o da sele\u00e7\u00e3o com o povo brasileiro atingiu seu ponto m\u00e1ximo. Pel\u00e9 se transformou na face do Brasil bem sucedido, o brasileiro mais reconhecido da hist\u00f3ria, em todo o mundo\u201d, afirma Saturnino, pesquisador do Grupo Literatura e Mem\u00f3ria do Futebol (Memofut).<\/p>\n<p>O soci\u00f3logo e professor da Faculdade de Comunica\u00e7\u00e3o Social da Universidade do Rio\u00a0de Janeiro\u00a0(Uerj) Ronaldo Helal afirma que Pel\u00e9 foi fundamental para a sele\u00e7\u00e3o acabar com a hist\u00f3ria de que teria um complexo de vira-latas (express\u00e3o de Nelson Rodrigues) que a impediria de conquistar t\u00edtulos.<\/p>\n<p>\u201cEm 1958, o Brasil ganha a Copa do Mundo, e Pel\u00e9 foi marcante, se tornando o rei do futebol com 17 anos de idade.\u201d<\/p>\n<h2>Auge no M\u00e9xico<\/h2>\n<div class=\"dnd-widget-wrapper context-cheio_8colunas type-image\">\n<div class=\"dnd-atom-rendered\">\n<p>Entre todas as conquistas uma ocupa um lugar especial na hist\u00f3ria do futebol, a da Copa do Mundo de 1970, no M\u00e9xico. Foi nesta competi\u00e7\u00e3o que Pel\u00e9 mostrou todo o seu potencial como jogador. \u201cEm 1970 ele foi fundamental, fez uma Copa \u00edmpar, brilhante do in\u00edcio ao fim, e colocou o Brasil no topo do futebol mundial\u201d, diz Helal.<\/p>\n<p>Clodoaldo, um dos companheiros de Pel\u00e9 naquela campanha, compartilha desta opini\u00e3o. \u201cFoi o melhor momento do Pel\u00e9 na sele\u00e7\u00e3o brasileira. O vi em 1970 como nunca, preparado nos aspectos f\u00edsico, t\u00e9cnico e psicol\u00f3gico. Ele estava voando. Foi o momento no qual atingiu o m\u00e1ximo de sua carreira.\u201d<\/p>\n<h2>Maior goleador<\/h2>\n<p>or\u00e9m, o sucesso de Pel\u00e9 n\u00e3o se deve apenas \u00e0 sele\u00e7\u00e3o. Foi pelo Santos que ele marcou a maior parte dos seus 1281 gols (em 1363 jogos), que o transformaram no maior goleador da hist\u00f3ria do futebol mundial. O tipo de feito que fez com que o p\u00fablico o tratasse de uma forma especial.<\/p>\n<p>\u201cO Pel\u00e9 foi o \u00fanico jogador, pelo menos que eu saiba, que fazia uma boa jogada contra um time, ou um gol de placa, e a torcida advers\u00e1ria aplaudia, \u00e0s vezes, de p\u00e9\u201d, diz Helal.<\/p>\n<p>E um destes gols mobilizou a aten\u00e7\u00e3o do p\u00fablico de forma especial, o de n\u00famero mil, alcan\u00e7ado no dia\u00a0<span id=\"OBJ_PREFIX_DWT1802_com_zimbra_date\" role=\"link\">19 de novembro<\/span>\u00a0de 1969 em vit\u00f3ria de 2 a 1 do Santos sobre o Vasco no est\u00e1dio do Maracan\u00e3. Pel\u00e9 tinha apenas 29 anos ao alcan\u00e7ar esta marca.<\/p>\n<h2>F\u00f3rmula secreta<\/h2>\n<p>Tantos feitos levam \u00e0 pergunta, como um menino comum, nascido em Minas, se transformou no rei do futebol? \u201cO destaque na hist\u00f3ria do futebol vem de seu talento e sua t\u00e9cnica, por\u00a0<span id=\"OBJ_PREFIX_DWT1803_com_zimbra_date\" role=\"link\">ter<\/span>\u00a0sido o \u00fanico a fazer excepcionalmente bem, dentro de campo, tudo o que um jogador de futebol pode fazer. Selecione um atributo, e Pel\u00e9 foi um dos melhores\u201d, afirma Saturnino.<\/p>\n<p>O ex-jogador Pepe, companheiro de Santos e da sele\u00e7\u00e3o do eterno camisa 10, defende que um jogador com estas caracter\u00edsticas surge apenas uma vez na hist\u00f3ria.<\/p>\n<p>\u201cNo futebol atual t\u00eam aparecido grandes jogadores. Por\u00e9m, igual a Pel\u00e9 n\u00e3o aparece. Completo, perna direita, perna esquerda, impuls\u00e3o, chute, cabeceio, corrida, gols, maior artilheiro do futebol mundial de todos os tempos. Penso que seu Dondinho e dona Celeste rasgaram a f\u00f3rmula e n\u00e3o aparece mais um jogador igual a Pel\u00e9\u201d.<\/p>\n<p><span style=\"font-weight: 400;\">Fonte: Ag\u00eancia Brasil <\/span><\/p>\n<\/div>\n<\/div>\n<\/div>\n<\/div>\n","protected":false},"excerpt":{"rendered":"<p>O futebol brasileiro tem v\u00e1rios personagens. Por\u00e9m, nenhum deles teve o protagonismo de Edson Arantes do Nascimento. A import\u00e2ncia de Pel\u00e9 \u00e9 tamanha que \u00e9 poss\u00edvel falar que, a partir dele, o mundo mudou a forma de ver os jogadores e a sele\u00e7\u00e3o do Brasil. Hoje (29), aos 82 anos,\u00a0Pel\u00e9\u00a0morreu no Hospital Albert Einstein, na [&hellip;]<\/p>\n","protected":false},"author":246,"featured_media":208430,"comment_status":"closed","ping_status":"closed","sticky":false,"template":"","format":"standard","meta":{"footnotes":""},"categories":[436,257,439],"tags":[],"class_list":["post-208429","post","type-post","status-publish","format-standard","has-post-thumbnail","hentry","category-destaque-da-semana","category-esporte","category-ultima-hora"],"_links":{"self":[{"href":"https:\/\/diarioregionaldigital.com.br\/index.php?rest_route=\/wp\/v2\/posts\/208429","targetHints":{"allow":["GET"]}}],"collection":[{"href":"https:\/\/diarioregionaldigital.com.br\/index.php?rest_route=\/wp\/v2\/posts"}],"about":[{"href":"https:\/\/diarioregionaldigital.com.br\/index.php?rest_route=\/wp\/v2\/types\/post"}],"author":[{"embeddable":true,"href":"https:\/\/diarioregionaldigital.com.br\/index.php?rest_route=\/wp\/v2\/users\/246"}],"replies":[{"embeddable":true,"href":"https:\/\/diarioregionaldigital.com.br\/index.php?rest_route=%2Fwp%2Fv2%2Fcomments&post=208429"}],"version-history":[{"count":1,"href":"https:\/\/diarioregionaldigital.com.br\/index.php?rest_route=\/wp\/v2\/posts\/208429\/revisions"}],"predecessor-version":[{"id":208431,"href":"https:\/\/diarioregionaldigital.com.br\/index.php?rest_route=\/wp\/v2\/posts\/208429\/revisions\/208431"}],"wp:featuredmedia":[{"embeddable":true,"href":"https:\/\/diarioregionaldigital.com.br\/index.php?rest_route=\/wp\/v2\/media\/208430"}],"wp:attachment":[{"href":"https:\/\/diarioregionaldigital.com.br\/index.php?rest_route=%2Fwp%2Fv2%2Fmedia&parent=208429"}],"wp:term":[{"taxonomy":"category","embeddable":true,"href":"https:\/\/diarioregionaldigital.com.br\/index.php?rest_route=%2Fwp%2Fv2%2Fcategories&post=208429"},{"taxonomy":"post_tag","embeddable":true,"href":"https:\/\/diarioregionaldigital.com.br\/index.php?rest_route=%2Fwp%2Fv2%2Ftags&post=208429"}],"curies":[{"name":"wp","href":"https:\/\/api.w.org\/{rel}","templated":true}]}}