{"id":208426,"date":"2022-12-29T19:18:20","date_gmt":"2022-12-29T22:18:20","guid":{"rendered":"https:\/\/diarioregionaldigital.com.br\/?p=208426"},"modified":"2022-12-29T19:18:20","modified_gmt":"2022-12-29T22:18:20","slug":"politicos-fazem-homenagens-lula-diz-que-pele-levou-nome-do-pais-longe","status":"publish","type":"post","link":"https:\/\/diarioregionaldigital.com.br\/?p=208426","title":{"rendered":"Pol\u00edticos fazem homenagens; Lula diz que Pel\u00e9 levou nome do pa\u00eds longe"},"content":{"rendered":"<p>Diversos pol\u00edticos brasileiros prestaram homenagens a Pel\u00e9, por meio de suas redes sociais, ap\u00f3s a\u00a0<a href=\"https:\/\/agenciabrasil.ebc.com.br\/geral\/noticia\/2022-12\/rei-do-futebol-pele-morre-aos-82-anos\" target=\"_blank\" rel=\"noopener\">not\u00edcia da morte do Rei do Futebol\u00a0ocorrida\u00a0hoje\u00a0(29), aos 82 anos<\/a>. O presidente eleito Luiz\u00a0In\u00e1cio Lula da Silva, que tomar\u00e1 posse no pr\u00f3ximo\u00a0domingo\u00a0(1\u00ba), enalteceu o jogador em uma s\u00e9rie de quatro postagens.<img decoding=\"async\" src=\"https:\/\/agenciabrasil.ebc.com.br\/ebc.png?id=1500498&amp;o=node\" \/><img decoding=\"async\" src=\"https:\/\/agenciabrasil.ebc.com.br\/ebc.gif?id=1500498&amp;o=node\" \/><\/p>\n<p>&#8220;Poucos brasileiros levaram o nome do nosso pa\u00eds t\u00e3o longe feito ele. Por mais diferente do portugu\u00eas que fosse o idioma, os estrangeiros dos quatros cantos do planeta logo davam um jeito de pronunciar a palavra m\u00e1gica: &#8216;Pel\u00e9'&#8221;, escreveu em uma delas.<\/p>\n<p>Lula disse que teve o privil\u00e9gio que brasileiros mais jovens n\u00e3o tiveram: ver Pel\u00e9 ao vivo no est\u00e1dio, tanto no Pacaembu como no Maracan\u00e3. E brincou que o jogador lhe fazia raiva quando enfrentava o Corinthians.<\/p>\n<p>O presidente eleito tamb\u00e9m manifestou sua admira\u00e7\u00e3o e lembrou outros atletas que j\u00e1 morreram. &#8220;Foi fazer tabelinha no c\u00e9u com Coutinho, seu grande parceiro no Santos. Tem agora a companhia de tantos craques eternos: Didi, Garrincha, Nilton Santos, S\u00f3crates, Maradona. Deixou uma certeza: nunca houve um camisa 10 como ele. Obrigado, Pel\u00e9&#8221;, concluiu.<\/p>\n<p>A rever\u00eancia ao atleta mobilizou outras lideran\u00e7as da pol\u00edtica brasileira. O presidente do Congresso e do Senado Federal, Rodrigo Pacheco (PSD), afirmou que ele &#8220;foi mais magistral jogador de futebol que o mundo viu nos gramados e que elevou o nome do Brasil por onde passou&#8221;. Destacou ainda que ele &#8220;interrompeu guerras e conflitos com a bola nos p\u00e9s e a mensagem da paz&#8221;.<\/p>\n<p>O presidente da C\u00e2mara dos Deputados, Arthur Lira (PP), disse que o jogador dignificou o Brasil e seu povo e que &#8220;o homem Pel\u00e9 nos deixa, mas que o eterno Pel\u00e9 viver\u00e1 para sempre&#8221;.<\/p>\n<p>A\u00a0presidente do Supremo Tribunal Federal (STF), Rosa Weber, publicou nota em nome da Corte prestando homenagem. Ela classificou o jogador como &#8220;um artista da bola, que encantou gera\u00e7\u00f5es e gera\u00e7\u00f5es com seu talento&#8221;. Ela desejou conforto aos familiares e amigos e afirmou que Pel\u00e9 continuar\u00e1 sendo refer\u00eancia mundial.<\/p>\n<p>O presidente Jair Bolsonaro n\u00e3o se manifestou por meio de suas redes, mas o governo federal publicou uma nota. &#8220;Pel\u00e9, o Rei do Futebol, foi um dos maiores atletas de todos os tempos. O \u00fanico tricampe\u00e3o mundial demonstrou por suas a\u00e7\u00f5es que, al\u00e9m de grande atleta, foi tamb\u00e9m um grande cidad\u00e3o e patriota, elevando o nome do Brasil por onde passou. O presidente da Rep\u00fablica, Jair Bolsonaro, roga a Deus que o receba em Seus bra\u00e7os e d\u00ea for\u00e7a e f\u00e9 a toda a sua fam\u00edlia e amigos para superar esse dif\u00edcil momento&#8221;.<\/p>\n<p>O governador eleito de S\u00e3o Paulo e ex-ministro da Infraestrutura, Tarc\u00edsio Gomes de Freitas,\u00a0afirmou que Pel\u00e9 reinou como o maior de todos os tempos. &#8220;Est\u00e1 eternizado nas minha melhores lembran\u00e7as e na camisa autografada que eu tive a honra de receber. Descanse em paz&#8221;.<\/p>\n<p>Indicada para assumir o Minist\u00e9rio do Esporte no pr\u00f3ximo governo, a ex-jogadora de v\u00f4lei e medalhista ol\u00edmpica Ana Moser lembrou que Pel\u00e9 foi o primeiro a comandar a pasta, criada em 1995 durante o governo de Fernando Henrique Cardoso. Ela manifestou sua tristeza, acrescentando que fica sua admira\u00e7\u00e3o e respeito. Segundo Ana Moser, Pel\u00e9 representou a qualidade e a for\u00e7a do povo brasileiro. &#8220;Quis o destino que no mesmo dia em que fui anunciada para o Minist\u00e9rio do Esporte, cadeira que primeiramente foi dele, h\u00e1 24 anos, Pel\u00e9 nos deixa&#8221;.<\/p>\n<p>O ex-presidente Fernando Henrique Cardoso tamb\u00e9m prestou suas homenagens. &#8220;Al\u00e9m de\u00a0ter\u00a0sido consagrado como uma lenda do esporte mundial, Pel\u00e9 foi homem p\u00fablico exemplar, leal a seus princ\u00edpios, valores e ao nosso pa\u00eds. Perdemos todos com sua partida&#8221;, escreveu, acrescentando que o atleta \u00e9 motivo de orgulho e s\u00edmbolo incontest\u00e1vel da na\u00e7\u00e3o.<\/p>\n<p>A prefeitura de Santos, cidade do clube em que o jogador se consagrou, decretou luto oficial de tr\u00eas dias. &#8220;Pel\u00e9, voc\u00ea \u00e9 eterno e sua hist\u00f3ria de amor com a cidade vai continuar! Santos ser\u00e1 eternamente grata a essa figura incompar\u00e1vel, que proporcionou tantas alegrias em campo! Descanse em paz, Sua Majestade&#8221;, publicou o perfil oficial do munic\u00edpio ao anunciar a medida.<\/p>\n<p><span style=\"font-weight: 400;\">Fonte: Ag\u00eancia Brasil <\/span><\/p>\n","protected":false},"excerpt":{"rendered":"<p>Diversos pol\u00edticos brasileiros prestaram homenagens a Pel\u00e9, por meio de suas redes sociais, ap\u00f3s a\u00a0not\u00edcia da morte do Rei do Futebol\u00a0ocorrida\u00a0hoje\u00a0(29), aos 82 anos. O presidente eleito Luiz\u00a0In\u00e1cio Lula da Silva, que tomar\u00e1 posse no pr\u00f3ximo\u00a0domingo\u00a0(1\u00ba), enalteceu o jogador em uma s\u00e9rie de quatro postagens. &#8220;Poucos brasileiros levaram o nome do nosso pa\u00eds t\u00e3o longe [&hellip;]<\/p>\n","protected":false},"author":246,"featured_media":208427,"comment_status":"closed","ping_status":"closed","sticky":false,"template":"","format":"standard","meta":{"footnotes":""},"categories":[436,257,439],"tags":[],"class_list":["post-208426","post","type-post","status-publish","format-standard","has-post-thumbnail","hentry","category-destaque-da-semana","category-esporte","category-ultima-hora"],"_links":{"self":[{"href":"https:\/\/diarioregionaldigital.com.br\/index.php?rest_route=\/wp\/v2\/posts\/208426","targetHints":{"allow":["GET"]}}],"collection":[{"href":"https:\/\/diarioregionaldigital.com.br\/index.php?rest_route=\/wp\/v2\/posts"}],"about":[{"href":"https:\/\/diarioregionaldigital.com.br\/index.php?rest_route=\/wp\/v2\/types\/post"}],"author":[{"embeddable":true,"href":"https:\/\/diarioregionaldigital.com.br\/index.php?rest_route=\/wp\/v2\/users\/246"}],"replies":[{"embeddable":true,"href":"https:\/\/diarioregionaldigital.com.br\/index.php?rest_route=%2Fwp%2Fv2%2Fcomments&post=208426"}],"version-history":[{"count":1,"href":"https:\/\/diarioregionaldigital.com.br\/index.php?rest_route=\/wp\/v2\/posts\/208426\/revisions"}],"predecessor-version":[{"id":208428,"href":"https:\/\/diarioregionaldigital.com.br\/index.php?rest_route=\/wp\/v2\/posts\/208426\/revisions\/208428"}],"wp:featuredmedia":[{"embeddable":true,"href":"https:\/\/diarioregionaldigital.com.br\/index.php?rest_route=\/wp\/v2\/media\/208427"}],"wp:attachment":[{"href":"https:\/\/diarioregionaldigital.com.br\/index.php?rest_route=%2Fwp%2Fv2%2Fmedia&parent=208426"}],"wp:term":[{"taxonomy":"category","embeddable":true,"href":"https:\/\/diarioregionaldigital.com.br\/index.php?rest_route=%2Fwp%2Fv2%2Fcategories&post=208426"},{"taxonomy":"post_tag","embeddable":true,"href":"https:\/\/diarioregionaldigital.com.br\/index.php?rest_route=%2Fwp%2Fv2%2Ftags&post=208426"}],"curies":[{"name":"wp","href":"https:\/\/api.w.org\/{rel}","templated":true}]}}