{"id":208384,"date":"2022-12-28T20:22:32","date_gmt":"2022-12-28T23:22:32","guid":{"rendered":"https:\/\/diarioregionaldigital.com.br\/?p=208384"},"modified":"2022-12-28T20:22:32","modified_gmt":"2022-12-28T23:22:32","slug":"programa-boniteza-realiza-151-intervencoes-nesta-quarta-28","status":"publish","type":"post","link":"https:\/\/diarioregionaldigital.com.br\/?p=208384","title":{"rendered":"Programa Boniteza realiza 151 interven\u00e7\u00f5es nesta quarta, 28"},"content":{"rendered":"<p>Segundo informa\u00e7\u00f5es do site da Prefeitura de Juiz de Fora (PJF), o\u00a0Programa Boniteza da Prefeitura de Juiz de Fora (PJF) opera em 151 interven\u00e7\u00f5es nesta quarta-feira, 28.<\/p>\n<p>&nbsp;<\/p>\n<p><strong>Obras<\/strong><\/p>\n<p>&nbsp;<\/p>\n<p>Os Departamentos de Opera\u00e7\u00e3o e Manuten\u00e7\u00e3o em Obras (Domo) e de Estradas Vicinais da Secretaria de Obras t\u00eam previstas 14 a\u00e7\u00f5es.<\/p>\n<p>&nbsp;<\/p>\n<p><strong>Interven\u00e7\u00f5es em continuidade:<\/strong><\/p>\n<p>&#8211; Constru\u00e7\u00e3o de rede de drenagem &#8211; Rua Fernando Lamarca &#8211; Distrito<\/p>\n<p>&#8211; Constru\u00e7\u00e3o de boca de lobo &#8211; Rua J\u00falio Dion\u00edsio Cardoso &#8211; Distrito<\/p>\n<p>&#8211; Corre\u00e7\u00e3o de cal\u00e7amento com pedra portuguesa &#8211; Rua Halfeld<\/p>\n<p>&#8211; Patrolamento &#8211; Estrada Boa Vista<\/p>\n<p>&#8211; Patrolamento &#8211; Estrada da Lagoa<\/p>\n<p>&#8211; Obra de cal\u00e7amento &#8211; Comunidade de Penido &#8211; Penido<\/p>\n<p>&#8211; Patrolamento &#8211; Toledos<\/p>\n<p>&#8211; Confec\u00e7\u00e3o de bueiro de aduelas &#8211; Estrada monte verde a goiabal<\/p>\n<p>&nbsp;<\/p>\n<p><strong>Novas interven\u00e7\u00f5es:<\/strong><\/p>\n<p>&#8211; Corre\u00e7\u00e3o de eros\u00e3o &#8211; Rua Laura Mascarenhas &#8211; Monte Castelo<\/p>\n<p>&#8211; Limpeza de boca de lobo &#8211; Rua Humberto Berzoini &#8211; Santa Luzia<\/p>\n<p>&#8211; Limpeza de boca de lobo &#8211; Rua Ant\u00f4nio Moreira &#8211; Santa Luzia<\/p>\n<p>&#8211; Limpeza de boca de lobo &#8211; Rua Jos\u00e9 Nunes Leal &#8211; Santa Luzia<\/p>\n<p>&#8211; Troca de tampa de lobo &#8211; Rua Oscar Gonzaga Prata<\/p>\n<p>&#8211; Servi\u00e7o de ro\u00e7ada &#8211; Paula Lima<\/p>\n<p>&nbsp;<\/p>\n<p><strong>Ilumina\u00e7\u00e3o P\u00fablica<\/strong><\/p>\n<p>&nbsp;<\/p>\n<p>O departamento de Ilumina\u00e7\u00e3o P\u00fablica da PJF d\u00e1 continuidade \u00e0s a\u00e7\u00f5es com a previs\u00e3o de trocas de 137 l\u00e2mpadas em todas as regi\u00f5es.<\/p>\n<p>&nbsp;<\/p>\n<p><strong>Passos<\/strong><\/p>\n<p>&nbsp;<\/p>\n<p>Rua Belmiro Braga<\/p>\n<p>Rua Onofre Mendes<\/p>\n<p><strong>Jardim Gl\u00f3ria<\/strong><\/p>\n<p>Rua Quintino Bocaiuva<\/p>\n<p>Rua Bar\u00e3o De Cataguases<\/p>\n<p>Pra\u00e7a Nossa Senhora Da Gl\u00f3ria<\/p>\n<p><strong>Recanto Dos Lagos<\/strong><\/p>\n<p>Rua Senhor Am\u00e9rico Mozzato<\/p>\n<p>Rua Detetive Afonso Celso<\/p>\n<p>Rua Julita Teixeira Gracioso<\/p>\n<p>Rua Wanderley Do Nascimento<\/p>\n<p>Rua Armando Pereira Toledo<\/p>\n<p>Rua Jos\u00e9 Da Silva Atalaia<\/p>\n<p>Rua Oliv\u00e9rio Pires De Carvalho<\/p>\n<p><strong>Quintas Da Avenida<\/strong><\/p>\n<p>Rua Irene Batista De Oliveira<\/p>\n<p>Rua Aladir Soares Silva<\/p>\n<p><strong>Eldorado<\/strong><\/p>\n<p>Rua Archanjo De Campos Miranda<\/p>\n<p>Rua Jo\u00e3o Garcia Couri<\/p>\n<p>Rua Doutor Sebasti\u00e3o De Andrade<\/p>\n<p>Rua Luiz Rocha<\/p>\n<p>Rua Coronel Almeida Novais<\/p>\n<p><strong>Jardim Da Serra<\/strong><\/p>\n<p>Rua Manaus<\/p>\n<p>Rua Curitiba<\/p>\n<p>Rua Cuiab\u00e1<\/p>\n<p>Rua Macei\u00f3<\/p>\n<p><strong>Aeroporto<\/strong><\/p>\n<p>Rua Jos\u00e9 Appol\u00f4nio Dos Reis<\/p>\n<p>Avenida Eug\u00eanio Do Nascimento<\/p>\n<p>Rua Leonildo Gon\u00e7alves Regado<\/p>\n<p>Rua Doutor Infante Vieira<\/p>\n<p>Avenida Prefeito Mello Reis<\/p>\n<p><strong>Nova Gramado<\/strong><\/p>\n<p>Avenida Juiz De Fora<\/p>\n<p><strong>Bom Clima<\/strong><\/p>\n<p>Rua Francisco Couri<\/p>\n<p>Rua Jose Teodosio De Araujo<\/p>\n<p><strong>Graja\u00fa<\/strong><\/p>\n<p>Rua Al\u00edpio De Almeida<\/p>\n<p>Rua Francisco Falci<\/p>\n<p>Rua Roque Picorelli<\/p>\n<p><strong>Santa Helena<\/strong><\/p>\n<p>Rua Tiradentes<\/p>\n<p>Rua Vilela Filho<\/p>\n<p><strong>Grama<\/strong><\/p>\n<p>Avenida Juiz De Fora<\/p>\n<p><strong>S\u00e3o Mateus<\/strong><\/p>\n<p>Rua Benedito Pinto<\/p>\n<p>Rua Doutor Romualdo<\/p>\n<p><strong>Jardim Gl\u00f3ria<\/strong><\/p>\n<p>Rua Capit\u00e3o Arnaldo De Carvalho<\/p>\n<p>Rua Quintino Bocaiuva<\/p>\n<p>Rua Padre Cafe<\/p>\n<p><strong>Bom Pastor<\/strong><\/p>\n<p>Rua Vicente Ad\u00e3o Botti<\/p>\n<p>Rua Senador Salgado Filho<\/p>\n<p><strong>Granbery<\/strong><\/p>\n<p>Rua Bar\u00e3o De Santa Helena<\/p>\n<p><strong>Morro Da Gl\u00f3ria<\/strong><\/p>\n<p>Rua Dom Lasagna<\/p>\n<p>Rua Evaristo De S\u00e1 Alves<\/p>\n<p><strong>Po\u00e7o Rico<\/strong><\/p>\n<p>Rua Ant\u00f4nio Dias Tostes<\/p>\n<p><strong>Nossa Senhora Aparecida<\/strong><\/p>\n<p>Rua Fernando Ferrari<\/p>\n<p>Rua Luiz Creozol<\/p>\n<p><strong>Bonfim<\/strong><\/p>\n<p>Rua Guaxup\u00e9<\/p>\n<p><strong>Novo Horizonte<\/strong><\/p>\n<p>Rua Porto Alegre<\/p>\n<p>Rua Da Serra<\/p>\n<p><strong>Nossa Senhora De Lourdes<\/strong><\/p>\n<p>Rua Energina Ernesto Guilherme<\/p>\n<p>Rua Jo\u00e3o Surerus Junior<\/p>\n<p><strong>Jardim Esperan\u00e7a<\/strong><\/p>\n<p>Rua Alberto Guedes<\/p>\n<p>Rua Padre Ac\u00e1cio Duarte<\/p>\n<p>&nbsp;<\/p>\n<p><strong>Gabinete de A\u00e7\u00e3o e Di\u00e1logo Comunit\u00e1rio<\/strong><\/p>\n<p>As a\u00e7\u00f5es da Secretaria de Obras s\u00e3o realizadas atrav\u00e9s do Gabinete de A\u00e7\u00e3o e Di\u00e1logo Comunit\u00e1rio, que recebe demandas de melhorias urbanas pelo n\u00famero (32) 3690-7241, por liga\u00e7\u00e3o ou WhatsApp.<\/p>\n<p>No\u00a0<a href=\"https:\/\/www.pjf.mg.gov.br\/gabinetecomunitario\/\"><strong>site do gabinete<\/strong><\/a>, est\u00e3o dispon\u00edveis informa\u00e7\u00f5es atualizadas\u00a0 diariamente sobre os servi\u00e7os realizados pelas secretarias de Obras (SO); de Sustentabilidade em Meio Ambiente e Atividades Urbanas (Sesmaur); de Mobilidade Urbana (SMU); e pela\u00a0 Empresa Municipal de Pavimenta\u00e7\u00e3o e Urbaniza\u00e7\u00e3o (Empav); Departamento Municipal de Limpeza Urbana (Demlurb); e Companhia de Saneamento Municipal (Cesama).<\/p>\n<p>&nbsp;<\/p>\n<p>&nbsp;<\/p>\n","protected":false},"excerpt":{"rendered":"<p>Segundo informa\u00e7\u00f5es do site da Prefeitura de Juiz de Fora (PJF), o\u00a0Programa Boniteza da Prefeitura de Juiz de Fora (PJF) opera em 151 interven\u00e7\u00f5es nesta quarta-feira, 28. &nbsp; Obras &nbsp; Os Departamentos de Opera\u00e7\u00e3o e Manuten\u00e7\u00e3o em Obras (Domo) e de Estradas Vicinais da Secretaria de Obras t\u00eam previstas 14 a\u00e7\u00f5es. &nbsp; Interven\u00e7\u00f5es em continuidade: [&hellip;]<\/p>\n","protected":false},"author":246,"featured_media":208385,"comment_status":"closed","ping_status":"closed","sticky":false,"template":"","format":"standard","meta":{"footnotes":""},"categories":[253,436,439],"tags":[],"class_list":["post-208384","post","type-post","status-publish","format-standard","has-post-thumbnail","hentry","category-cidade","category-destaque-da-semana","category-ultima-hora"],"_links":{"self":[{"href":"https:\/\/diarioregionaldigital.com.br\/index.php?rest_route=\/wp\/v2\/posts\/208384","targetHints":{"allow":["GET"]}}],"collection":[{"href":"https:\/\/diarioregionaldigital.com.br\/index.php?rest_route=\/wp\/v2\/posts"}],"about":[{"href":"https:\/\/diarioregionaldigital.com.br\/index.php?rest_route=\/wp\/v2\/types\/post"}],"author":[{"embeddable":true,"href":"https:\/\/diarioregionaldigital.com.br\/index.php?rest_route=\/wp\/v2\/users\/246"}],"replies":[{"embeddable":true,"href":"https:\/\/diarioregionaldigital.com.br\/index.php?rest_route=%2Fwp%2Fv2%2Fcomments&post=208384"}],"version-history":[{"count":1,"href":"https:\/\/diarioregionaldigital.com.br\/index.php?rest_route=\/wp\/v2\/posts\/208384\/revisions"}],"predecessor-version":[{"id":208386,"href":"https:\/\/diarioregionaldigital.com.br\/index.php?rest_route=\/wp\/v2\/posts\/208384\/revisions\/208386"}],"wp:featuredmedia":[{"embeddable":true,"href":"https:\/\/diarioregionaldigital.com.br\/index.php?rest_route=\/wp\/v2\/media\/208385"}],"wp:attachment":[{"href":"https:\/\/diarioregionaldigital.com.br\/index.php?rest_route=%2Fwp%2Fv2%2Fmedia&parent=208384"}],"wp:term":[{"taxonomy":"category","embeddable":true,"href":"https:\/\/diarioregionaldigital.com.br\/index.php?rest_route=%2Fwp%2Fv2%2Fcategories&post=208384"},{"taxonomy":"post_tag","embeddable":true,"href":"https:\/\/diarioregionaldigital.com.br\/index.php?rest_route=%2Fwp%2Fv2%2Ftags&post=208384"}],"curies":[{"name":"wp","href":"https:\/\/api.w.org\/{rel}","templated":true}]}}