{"id":208381,"date":"2022-12-28T20:19:06","date_gmt":"2022-12-28T23:19:06","guid":{"rendered":"https:\/\/diarioregionaldigital.com.br\/?p=208381"},"modified":"2022-12-28T20:19:06","modified_gmt":"2022-12-28T23:19:06","slug":"funalfa-incentiva-troca-de-livros-com-projeto-no-parque-halfeld","status":"publish","type":"post","link":"https:\/\/diarioregionaldigital.com.br\/?p=208381","title":{"rendered":"Funalfa incentiva troca de livros com projeto no Parque Halfeld"},"content":{"rendered":"<p>Segundo informa\u00e7\u00f5es do site da Prefeitura de Juiz de Fora (PJF), a pequena \u201cbiblioteca\u201d, produzida pela Funda\u00e7\u00e3o Cultural Alfredo Ferreira Lage (Funalfa), est\u00e1 de volta. Instalada no Parque Halfeld, a Casa da Leitura do Projeto \u201c#CompartilheaLeitura\u201d tem como objetivo proporcionar o f\u00e1cil acesso da popula\u00e7\u00e3o a obras liter\u00e1rias.<\/p>\n<p>As \u00fanicas regras do projeto s\u00e3o: pegue um livro quando quiser; deixe outro quando puder e mantenha a caixa sempre cheia de hist\u00f3rias. A expectativa \u00e9 de que a popula\u00e7\u00e3o valorize a pequena biblioteca e ajude a conserv\u00e1-la. A \u201cCasa da Leitura\u201d tem todo o tipo de literatura, desde infantil, at\u00e9 fic\u00e7\u00e3o, dramas e poesias. Quem quiser, pode colaborar deixando outros livros.<br \/>\n&nbsp;<\/p>\n<div id=\"box_compartilhar\" align=\"right\"><\/div>\n","protected":false},"excerpt":{"rendered":"<p>Segundo informa\u00e7\u00f5es do site da Prefeitura de Juiz de Fora (PJF), a pequena \u201cbiblioteca\u201d, produzida pela Funda\u00e7\u00e3o Cultural Alfredo Ferreira Lage (Funalfa), est\u00e1 de volta. Instalada no Parque Halfeld, a Casa da Leitura do Projeto \u201c#CompartilheaLeitura\u201d tem como objetivo proporcionar o f\u00e1cil acesso da popula\u00e7\u00e3o a obras liter\u00e1rias. As \u00fanicas regras do projeto s\u00e3o: pegue [&hellip;]<\/p>\n","protected":false},"author":246,"featured_media":208382,"comment_status":"closed","ping_status":"closed","sticky":false,"template":"","format":"standard","meta":{"footnotes":""},"categories":[253,436,439],"tags":[],"class_list":["post-208381","post","type-post","status-publish","format-standard","has-post-thumbnail","hentry","category-cidade","category-destaque-da-semana","category-ultima-hora"],"_links":{"self":[{"href":"https:\/\/diarioregionaldigital.com.br\/index.php?rest_route=\/wp\/v2\/posts\/208381","targetHints":{"allow":["GET"]}}],"collection":[{"href":"https:\/\/diarioregionaldigital.com.br\/index.php?rest_route=\/wp\/v2\/posts"}],"about":[{"href":"https:\/\/diarioregionaldigital.com.br\/index.php?rest_route=\/wp\/v2\/types\/post"}],"author":[{"embeddable":true,"href":"https:\/\/diarioregionaldigital.com.br\/index.php?rest_route=\/wp\/v2\/users\/246"}],"replies":[{"embeddable":true,"href":"https:\/\/diarioregionaldigital.com.br\/index.php?rest_route=%2Fwp%2Fv2%2Fcomments&post=208381"}],"version-history":[{"count":1,"href":"https:\/\/diarioregionaldigital.com.br\/index.php?rest_route=\/wp\/v2\/posts\/208381\/revisions"}],"predecessor-version":[{"id":208383,"href":"https:\/\/diarioregionaldigital.com.br\/index.php?rest_route=\/wp\/v2\/posts\/208381\/revisions\/208383"}],"wp:featuredmedia":[{"embeddable":true,"href":"https:\/\/diarioregionaldigital.com.br\/index.php?rest_route=\/wp\/v2\/media\/208382"}],"wp:attachment":[{"href":"https:\/\/diarioregionaldigital.com.br\/index.php?rest_route=%2Fwp%2Fv2%2Fmedia&parent=208381"}],"wp:term":[{"taxonomy":"category","embeddable":true,"href":"https:\/\/diarioregionaldigital.com.br\/index.php?rest_route=%2Fwp%2Fv2%2Fcategories&post=208381"},{"taxonomy":"post_tag","embeddable":true,"href":"https:\/\/diarioregionaldigital.com.br\/index.php?rest_route=%2Fwp%2Fv2%2Ftags&post=208381"}],"curies":[{"name":"wp","href":"https:\/\/api.w.org\/{rel}","templated":true}]}}