{"id":208378,"date":"2022-12-28T20:16:47","date_gmt":"2022-12-28T23:16:47","guid":{"rendered":"https:\/\/diarioregionaldigital.com.br\/?p=208378"},"modified":"2022-12-28T20:17:25","modified_gmt":"2022-12-28T23:17:25","slug":"programa-da-minha-casa-para-sua-casa-realizou-mais-de-80-doacoes-em-2022","status":"publish","type":"post","link":"https:\/\/diarioregionaldigital.com.br\/?p=208378","title":{"rendered":"Programa \u201cDa Minha Casa Para Sua Casa\u201d realizou mais de 80 doa\u00e7\u00f5es em 2022"},"content":{"rendered":"<p>Segundo informa\u00e7\u00f5es do site da Prefeitura de Juiz de Fora (PJF), o\u00a0programa \u201cDa Minha Casa Para Sua Casa\u201d, projeto da Prefeitura de Juiz de Fora (PJF) de coleta de m\u00f3veis e eletrodom\u00e9sticos usados ainda em condi\u00e7\u00f5es, promoveu 87 doa\u00e7\u00f5es para pessoas em situa\u00e7\u00e3o de vulnerabilidade social e contempladas pelo aux\u00edlio-moradia em 2022. A iniciativa surgiu na atual gest\u00e3o e \u00e9 coordenada de modo intersetorial pela Secretaria de Governo (SG), Secretaria de Assist\u00eancia Social (SAS) e pelo Departamento Municipal de Limpeza Urbana (Demlurb).<\/p>\n<p>A secret\u00e1ria de governo, Cidinha Louzada, ressalta a import\u00e2ncia do programa &#8220;Da Minha Casa Para Sua Casa&#8221; para pessoas em situa\u00e7\u00e3o de vulnerabilidade social. &#8220;Nesta gest\u00e3o ampliamos o valor do aux\u00edlio-moradia para que as pessoas que precisam tivessem condi\u00e7\u00e3o de pagar o aluguel e realizamos o acompanhamento das fam\u00edlias de forma constante. Identificamos que, na maioria das vezes, as pessoas que recebem o benef\u00edcio precisam de apoio para mobiliar a casa. Assim nasceu o projeto no ano passado. O objetivo \u00e9 unir aqueles que t\u00eam m\u00f3veis ou eletrodom\u00e9sticos em boas condi\u00e7\u00f5es para doar com aqueles que precisam&#8221;, explica.<\/p>\n<p>De acordo com a secret\u00e1ria de assist\u00eancia social, Malu Salim, o p\u00fablico alvo deste projeto s\u00e3o as pessoas inclu\u00eddas no Aux\u00edlio Moradia, principalmente as pessoas com viv\u00eancia de rua. \u201cAl\u00e9m do benef\u00edcio para pagamento de aluguel, esta parcela da popula\u00e7\u00e3o recebe os m\u00f3veis para organizar seus espa\u00e7os, dar mais conforto e dignidade \u00e0s fam\u00edlias, estabelecendo uma estrutura que ir\u00e1 facilitar sua adapta\u00e7\u00e3o e perman\u00eancia dentro de uma casa\u201d, enfatiza.<\/p>\n<p>O Demlurb \u00e9 encarregado de registrar, agendar, realizar o recolhimento e entrega dos itens. A supervisora de coleta de res\u00edduos secos do Demlurb, Rosilene Lopes dos Santos, respons\u00e1vel por administrar a log\u00edstica do atendimento, destaca a relev\u00e2ncia do programa para o meio ambiente. \u201cO \u2018Da Minha Casa Para a Sua Casa\u2019 \u00e9 de grande relev\u00e2ncia porque, primeiro, a popula\u00e7\u00e3o deixa de descartar m\u00f3veis de qualquer maneira em via p\u00fablica ou local inadequado. Al\u00e9m disso, os que est\u00e3o em bom estado, n\u00f3s conseguimos entregar para quem realmente precisa, proporcionando condi\u00e7\u00f5es dignas de moradia. Toda popula\u00e7\u00e3o ganha com isso, tanto quem doa, quanto quem recebe\u201d, pontua.<\/p>\n<p>A PJF analisa os perfis das pessoas cadastradas em programas de assist\u00eancia social do munic\u00edpio, avaliando as demandas de cada cidad\u00e3o. Logo ap\u00f3s, o encaminhamento dos pedidos retorna para o Demlurb concluir a entrega do donativo.<\/p>\n<p>O morador do bairro Santos Dumont, Paulo Pereira, participou pela segunda vez do programa na \u00faltima quinta-feira, 22. Paulo fala da satisfa\u00e7\u00e3o em praticar a solidariedade atrav\u00e9s da iniciativa. &#8220;As doa\u00e7\u00f5es s\u00e3o muito importantes, n\u00e3o s\u00f3 nesse final de ano ou em \u00e9pocas de calamidades. Essa a\u00e7\u00e3o ajuda de fato quem precisa. Eu tenho um sentimento de gratid\u00e3o, fico muito satisfeito em saber que posso ajudar o pr\u00f3ximo\u201d, relata.<\/p>\n<p>Para os interessados em realizar a doa\u00e7\u00e3o atrav\u00e9s do programa, basta ligar para o \u201cAl\u00f4 Demlurb\u201d no 3690-3500 de segunda a sexta-feira, das 8h \u00e0s 18h.<\/p>\n","protected":false},"excerpt":{"rendered":"<p>Segundo informa\u00e7\u00f5es do site da Prefeitura de Juiz de Fora (PJF), o\u00a0programa \u201cDa Minha Casa Para Sua Casa\u201d, projeto da Prefeitura de Juiz de Fora (PJF) de coleta de m\u00f3veis e eletrodom\u00e9sticos usados ainda em condi\u00e7\u00f5es, promoveu 87 doa\u00e7\u00f5es para pessoas em situa\u00e7\u00e3o de vulnerabilidade social e contempladas pelo aux\u00edlio-moradia em 2022. A iniciativa surgiu [&hellip;]<\/p>\n","protected":false},"author":246,"featured_media":208379,"comment_status":"closed","ping_status":"closed","sticky":false,"template":"","format":"standard","meta":{"footnotes":""},"categories":[253,436,439],"tags":[],"class_list":["post-208378","post","type-post","status-publish","format-standard","has-post-thumbnail","hentry","category-cidade","category-destaque-da-semana","category-ultima-hora"],"_links":{"self":[{"href":"https:\/\/diarioregionaldigital.com.br\/index.php?rest_route=\/wp\/v2\/posts\/208378","targetHints":{"allow":["GET"]}}],"collection":[{"href":"https:\/\/diarioregionaldigital.com.br\/index.php?rest_route=\/wp\/v2\/posts"}],"about":[{"href":"https:\/\/diarioregionaldigital.com.br\/index.php?rest_route=\/wp\/v2\/types\/post"}],"author":[{"embeddable":true,"href":"https:\/\/diarioregionaldigital.com.br\/index.php?rest_route=\/wp\/v2\/users\/246"}],"replies":[{"embeddable":true,"href":"https:\/\/diarioregionaldigital.com.br\/index.php?rest_route=%2Fwp%2Fv2%2Fcomments&post=208378"}],"version-history":[{"count":1,"href":"https:\/\/diarioregionaldigital.com.br\/index.php?rest_route=\/wp\/v2\/posts\/208378\/revisions"}],"predecessor-version":[{"id":208380,"href":"https:\/\/diarioregionaldigital.com.br\/index.php?rest_route=\/wp\/v2\/posts\/208378\/revisions\/208380"}],"wp:featuredmedia":[{"embeddable":true,"href":"https:\/\/diarioregionaldigital.com.br\/index.php?rest_route=\/wp\/v2\/media\/208379"}],"wp:attachment":[{"href":"https:\/\/diarioregionaldigital.com.br\/index.php?rest_route=%2Fwp%2Fv2%2Fmedia&parent=208378"}],"wp:term":[{"taxonomy":"category","embeddable":true,"href":"https:\/\/diarioregionaldigital.com.br\/index.php?rest_route=%2Fwp%2Fv2%2Fcategories&post=208378"},{"taxonomy":"post_tag","embeddable":true,"href":"https:\/\/diarioregionaldigital.com.br\/index.php?rest_route=%2Fwp%2Fv2%2Ftags&post=208378"}],"curies":[{"name":"wp","href":"https:\/\/api.w.org\/{rel}","templated":true}]}}