{"id":208372,"date":"2022-12-28T20:07:09","date_gmt":"2022-12-28T23:07:09","guid":{"rendered":"https:\/\/diarioregionaldigital.com.br\/?p=208372"},"modified":"2022-12-28T20:07:09","modified_gmt":"2022-12-28T23:07:09","slug":"secretaria-de-esporte-e-lazer-apresenta-balanco-de-atividades-de-2022","status":"publish","type":"post","link":"https:\/\/diarioregionaldigital.com.br\/?p=208372","title":{"rendered":"Secretaria de Esporte e Lazer apresenta balan\u00e7o de atividades de 2022"},"content":{"rendered":"<p>Segundo informa\u00e7\u00f5es do site da Prefeitura de Juiz de Fora (PJF), na Secretaria de Esporte e Lazer (SEL) da Prefeitura de Juiz de Fora (PJF) o trabalho foi voltado sobretudo \u00e0 retomada das obras do Gin\u00e1sio Poliesportivo Jornalista Ant\u00f4nio Marcos, no an\u00fancio do investimento nos campos de v\u00e1rzea, novos projetos esportivos para a cidade, al\u00e9m da retomada dos torneios, como por exemplo a Copa Prefeitura Bahamas de Futebol Amador e Futsal; Jogos da Terceira Idade, Jogos Intercolegiais, Ranking de Corridas de Rua; Festival Paradesportivo, Semana do Desafio Paral\u00edmpico, entre outros.<\/p>\n<div id=\"box_texto_noticia\">\n<p>&nbsp;<\/p>\n<p><strong>Investimentos desenvolvem o esporte na cidade<\/strong><br \/>\n<a href=\"https:\/\/www.pjf.mg.gov.br\/noticias\/view.php?modo=link2&amp;idnoticia2=76528\">Em agosto, a Prefeita Margarida Salom\u00e3o anunciou o investimento de R$ 10 milh\u00f5es para melhorias das condi\u00e7\u00f5es dos campos de v\u00e1rzea da cidade<\/a>. Esse valor ser\u00e1 investido nos anos de 2023 e 2024. Atualmente, Juiz de Fora conta com 17 campos p\u00fablicos.<br \/>\n<a href=\"https:\/\/www.pjf.mg.gov.br\/noticias\/view.php?modo=link2&amp;idnoticia2=76188\">O Gin\u00e1sio Poliesportivo Jornalista Ant\u00f4nio Marcos Nazar\u00e9 Campos segue com as obras em andamento para sua inaugura\u00e7\u00e3o<\/a>. A obra est\u00e1 sendo realizada pela empresa Ribeiro Alvim, com a supervis\u00e3o da Secretaria de Obras (SO). A previs\u00e3o de entrega do Gin\u00e1sio Municipal \u00e9 no anivers\u00e1rio da cidade, em maio de 2023. Os recursos s\u00e3o oriundos de conv\u00eanio firmado com a Caixa Econ\u00f4mica Federal e contrapartida municipal, no valor de R$13.182.955,54.<br \/>\n<strong>Projetos trazem esporte e lazer para a popula\u00e7\u00e3o<\/strong><br \/>\n<a href=\"https:\/\/www.pjf.mg.gov.br\/noticias\/view.php?modo=link2&amp;idnoticia2=75479\">A grande novidade do ano foi o lan\u00e7amento do projeto \u201cEst\u00e1dio Para Todos\u201d<\/a>, em maio de 2022. O projeto tem tornado o est\u00e1dio um local com oportunidades \u00e0 comunidade de melhorar a qualidade de vida por meio de pr\u00e1ticas esportivas e atividades de lazer, se tornando mais um espa\u00e7o de destaque para a popula\u00e7\u00e3o de Juiz de Fora.<br \/>\nNos n\u00facleos esportivos, 3.530 alunos foram atendidos em 78 n\u00facleos distribu\u00eddos em 60 bairros, com 13 modalidades: Basquete, caminhada, dan\u00e7a mix, futsal, gin\u00e1stica art\u00edstica, gin\u00e1stica, handebol, hidrogin\u00e1stica, inicia\u00e7\u00e3o esportiva, nata\u00e7\u00e3o, pilates, recrea\u00e7\u00e3o e v\u00f4lei.\u00a0<a href=\"https:\/\/www.pjf.mg.gov.br\/noticias\/view.php?modo=link2&amp;idnoticia2=76938\">A SEL inaugurou, tamb\u00e9m, dois n\u00facleos de jud\u00f4 na cidade, no bairro Cai\u00e7aras, na E. M. Professor Augusto Gotardelo, e na E. M. Jos\u00e9 Calil Ahouagi, no bairro Maril\u00e2ndia.<\/a><br \/>\n<a href=\"https:\/\/www.pjf.mg.gov.br\/noticias\/view.php?modo=link2&amp;idnoticia2=76194\">O Bom de Bola, um Programa<\/a>\u00a0de inicia\u00e7\u00e3o esportiva gratuito, promovido pela Prefeitura de Juiz de Fora, tem como objetivos desenvolver capacidades e habilidades relacionadas ao futebol, al\u00e9m de estimular a forma\u00e7\u00e3o social, educacional e promo\u00e7\u00e3o da sa\u00fade dos praticantes. O projeto est\u00e1 inserido nos bairros: Teixeiras, S\u00e3o Pedro, Progresso, Vitorino Braga, S\u00e3o Geraldo e Santa Rita. Ao todo, 315 jovens participam do projeto.<br \/>\nOutro projeto que voltou a ativa foi o JF Lazer, que leva \u00e0s comunidades de Juiz de Fora brincadeiras e divers\u00e3o para todas as idades, como por exemplo,\u00a0tot\u00f3, pingue-pongue, escorregadores, cama el\u00e1stica e infl\u00e1veis. Foram 144 a\u00e7\u00f5es, de fevereiro a dezembro, em 88 bairros da cidade, al\u00e9m de 53 escolas das redes municipal, estadual e particular, e nas comunidades da zona rural.<br \/>\n<strong>Paradesporto \u00e9 destaque na gest\u00e3o<\/strong><br \/>\nAtualmente, a SEL abriga os N\u00facleos Paradesportivos e eventos de paradesporto, como o\u00a0<a href=\"https:\/\/www.pjf.mg.gov.br\/noticias\/view.php?modo=link2&amp;idnoticia2=75091\">Festival Paradesportivo<\/a>\u00a0e a\u00a0<a href=\"https:\/\/www.pjf.mg.gov.br\/noticias\/view.php?modo=link2&amp;idnoticia2=76885\">14\u00aa Semana do Desafio Paral\u00edmpico<\/a>. Atualmente, a SEL atende 146 alunos PCD atrav\u00e9s de v\u00e1rias modalidades.<br \/>\nO Festival Paradesportivo \u00e9 destinado \u00e0s pessoas com defici\u00eancia (PCD) e tem como objetivo oportunizar momentos de socializa\u00e7\u00e3o, de confraterniza\u00e7\u00e3o, de motiva\u00e7\u00e3o e de apresenta\u00e7\u00e3o das habilidades esportivas da pessoa com defici\u00eancia. Na edi\u00e7\u00e3o deste ano, foram 210 participantes nos torneios de Goalball, Bocha Paral\u00edmpica, Futebol Adaptado, Polybat, Atletismo Paral\u00edmpico e Nata\u00e7\u00e3o Paral\u00edmpica.<br \/>\nJ\u00e1 a 14\u00aa Semana do Desafio Paral\u00edmpico, realizada em setembro, tamb\u00e9m \u00e9 destinada \u00e0s Pessoas Com Defici\u00eancia e \u00e9 realizada pela PJF para marcar o m\u00eas de luta deste p\u00fablico, al\u00e9m de inserir os participantes na cultura esportiva e contribuir na inclus\u00e3o. A Equipe de Atletismo Paradesporto SEL participou das sete etapas das corridas do ranking, tornando-se campe\u00e3 geral do evento.<br \/>\nAl\u00e9m disso,<a href=\"https:\/\/www.pjf.mg.gov.br\/noticias\/view.php?modo=link2&amp;idnoticia2=77515\">\u00a0Juiz de Fora recebeu os Jogos do Interior de Minas Paradesportivo, o JimiP<\/a>, nos dias 4, 5 e 6 de novembro. Atletismo e Nata\u00e7\u00e3o foram as modalidades da edi\u00e7\u00e3o, que foram disputadas na Faculdade de Educa\u00e7\u00e3o F\u00edsica e Desportos (Faefid) da Universidade Federal de Juiz de Fora (UFJF). A equipe de Nata\u00e7\u00e3o paral\u00edmpica da SEL foi a campe\u00e3 dessa modalidade.<br \/>\n<strong>Copas Prefeitura<\/strong><br \/>\nAs copas Prefeitura Bahamas de Futsal, de Fut7 60+ e de Futebol Amador voltaram \u00e0 cena neste ano.\u00a0<a href=\"https:\/\/www.pjf.mg.gov.br\/noticias\/view.php?modo=link2&amp;idnoticia2=74607\">A &#8220;Copa Prefeitura Bahamas de Futsal&#8221;<\/a>\u00a0\u00e9 realizada pela Prefeitura h\u00e1 mais de 30 anos. A competi\u00e7\u00e3o \u00e9 disputada nas categorias sub-9, sub-11, sub-13, sub-15, sub-17, sub-20, adulto, veterano no masculino e no feminino, as categorias sub-15, sub-17 e adulta feminina. Esse ano, tivemos 143 equipes inscritas, 249 jogos, 1.472 gols e aproximadamente 2.145 atletas.<br \/>\n<a href=\"https:\/\/www.pjf.mg.gov.br\/noticias\/view.php?modo=link2&amp;idnoticia2=77959\">Realizada desde 1983, a Copa de Futebol Amador<\/a>\u00a0\u00e9 considerada a maior competi\u00e7\u00e3o do g\u00eanero no Brasil, tendo como objetivo incentivar a pr\u00e1tica do futebol nas comunidades, promovendo o interc\u00e2mbio desportivo e social entre os diversos segmentos da sociedade, incentivar momentos de lazer e integra\u00e7\u00e3o social, atendendo, assim, \u00e0s diretrizes da administra\u00e7\u00e3o municipal. Este ano, foram 173 equipes, 4.325 participantes, entre atletas e pessoas da comiss\u00e3o t\u00e9cnica, al\u00e9m de mais de 300 jogos disputados.<br \/>\n<a href=\"https:\/\/www.pjf.mg.gov.br\/noticias\/view.php?modo=link2&amp;idnoticia2=74680\">A Copa Prefeitura Bahamas de e-Sports teve a segunda edi\u00e7\u00e3o esse ano<\/a>. A competi\u00e7\u00e3o busca incentivar a pr\u00e1tica desportiva eletr\u00f4nica em Juiz de Fora e regi\u00e3o, valorizando os benef\u00edcios educacionais e comportamentais possibilitados pelo esporte como amizade, coopera\u00e7\u00e3o, disciplina, \u00e9tica, inclus\u00e3o, integra\u00e7\u00e3o, participa\u00e7\u00e3o, respeito m\u00fatuo, solidariedade, supera\u00e7\u00e3o e a cultura da paz. 8 Ball Pool, Clash Royale, xadrez juvenil e adulto, Fifa PS4 e Xbox e League of Legends foram as modalidades deste ano, que contou com 90 atletas nesta edi\u00e7\u00e3o.<br \/>\n<a href=\"https:\/\/www.pjf.mg.gov.br\/noticias\/view.php?modo=link2&amp;idnoticia2=75516\">Esse ano, tivemos mais uma edi\u00e7\u00e3o dos Jogos Intercolegiais<\/a>. Foram 5.466 inscri\u00e7\u00f5es, nas dez modalidades: Jud\u00f4, Atletismo, Nata\u00e7\u00e3o, Xadrez, T\u00eanis de mesa, Basquete, Handebol, Futsal, Voleibol e Queimada. 68 escolas participaram desta edi\u00e7\u00e3o de 2022.<br \/>\nAl\u00e9m dos jogos intercolegiais,\u00a0<a href=\"https:\/\/www.pjf.mg.gov.br\/noticias\/view.php?modo=link2&amp;idnoticia2=77529\">foi realizada mais uma edi\u00e7\u00e3o dos Jogos da Terceira Idade<\/a>, que contou com 156 pessoas com mais de 60 anos inscritas. Quatro munic\u00edpios, al\u00e9m de Juiz de Fora, tiveram participa\u00e7\u00e3o no torneio: Ch\u00e1cara, Concei\u00e7\u00e3o das Alagoas, Goian\u00e1 e Sim\u00e3o Pereira, que estiveram presentas nas modalidades: Lancebol (basquete adaptado), T\u00eanis de mesa, Voleibol adaptado, Dama, Xadrez, Peteca, Baralho, Nata\u00e7\u00e3o, Boliche.<br \/>\n<strong>Corridas de Rua contam com mais de dez mil participantes<\/strong><br \/>\nTradicional e reconhecido em toda regi\u00e3o e at\u00e9 mesmo nos estados vizinhos,\u00a0<a href=\"https:\/\/www.pjf.mg.gov.br\/noticias\/view.php?modo=link2&amp;idnoticia2=74787\">o Ranking Prefeitura de Juiz de Fora de Corridas de Rua<\/a>\u00a0\u00e9 um evento que faz parte do calend\u00e1rio esportivo da cidade. Esse ano, foram sete corridas distribu\u00eddas ao longo do ano. O torneio teve 1.085 corredores, totalizando 10.062 participantes em todas etapas do Ranking de Corridas de Rua, uma m\u00e9dia de 1.437 pessoas por prova.<br \/>\nEm junho,<a href=\"https:\/\/www.pjf.mg.gov.br\/noticias\/view.php?modo=link2&amp;idnoticia2=75545\">\u00a0foi realizada a 5\u00aa Corrida do Laborat\u00f3rio C\u00f4rtes Villela<\/a>\u00a0com 1.209 corredores. Em julho,\u00a0<a href=\"https:\/\/www.pjf.mg.gov.br\/noticias\/view.php?modo=link2&amp;idnoticia2=75931\">foi realizada a 6\u00aa Tecnobit Night Run<\/a>, que contou com 886 participantes. Um m\u00eas depois, a SEL realizou\u00a0<a href=\"https:\/\/www.pjf.mg.gov.br\/noticias\/view.php?modo=link2&amp;idnoticia2=76753\">a 10\u00aa Meia-Maratona de Juiz de Fora<\/a>, com 1.325 corredores. Em setembro, foi realizada a 4\u00aa etapa do Ranking de Corridas de Rua,\u00a0<a href=\"https:\/\/www.pjf.mg.gov.br\/noticias\/view.php?modo=link2&amp;idnoticia2=76766\">a 10\u00aa Corrida de Rua do Rodovi\u00e1rio Camilo dos Santos<\/a>, que teve 2.094 atletas. J\u00e1 em outubro,\u00a0<a href=\"https:\/\/www.pjf.mg.gov.br\/noticias\/view.php?modo=link2&amp;idnoticia2=77270\">foi realizada a 9\u00aa Corrida Solid\u00e1ria da Ascomcer<\/a>, que contou com 1.342 participantes. A 5\u00aa Corrida da Unimed foi realizada em Novembro, e 2.121 atletas participaram.\u00a0<a href=\"https:\/\/www.pjf.mg.gov.br\/noticias\/view.php?modo=link2&amp;idnoticia2=77931\">A \u00faltima etapa foi a 2\u00aa Corrida do Bahamas<\/a>, realizada em dezembro.\u00a0<a href=\"https:\/\/www.pjf.mg.gov.br\/noticias\/view.php?modo=link2&amp;idnoticia2=77650\">Al\u00e9m disso, a Secretaria de Esporte e Lazer promoveu a 73\u00aa Corrida da Fogueira<\/a>, que contou com 2.196 corredores.<br \/>\n<strong>\u201cPedala JF\u201d comemora anivers\u00e1rio da cidade sobre duas rodas<\/strong><br \/>\n<a href=\"https:\/\/www.pjf.mg.gov.br\/noticias\/view.php?modo=link2&amp;idnoticia2=75408\">Esse ano, a SEL promoveu tamb\u00e9m o &#8220;Pedala JF 172 anos\u201d<\/a>, evento cicl\u00edstico que fez parte das comemora\u00e7\u00f5es de anivers\u00e1rio de Juiz de Fora, em 28 de maio, que contou com 350 ciclistas. O trajeto adulto teve mais de 13km de extens\u00e3o, com a sa\u00edda da Pra\u00e7a Ant\u00f4nio Carlos, no Centro.<br \/>\nA Copa Comiss\u00f5es de Administra\u00e7\u00e3o de Espa\u00e7os Esportivos Municipais, a Caem, \u00e9 a primeira competi\u00e7\u00e3o de futebol amador do ano e j\u00e1 est\u00e1 inserida no calend\u00e1rio esportivo da cidade de Juiz de Fora h\u00e1 mais de 20 anos. A disputa \u00e9 realizada nas categorias Adulta (+18), Veterana (+35), Master (+40), Super Master (+45), S\u00eanior (+52), Feminina (+16), com destaque para a cria\u00e7\u00e3o de uma nova categoria, a Super S\u00eanior (+59). Neste ano, 966 pessoas entre atletas e pessoas da comiss\u00e3o t\u00e9cnica participaram da Copa, al\u00e9m de 42 equipes.<\/p>\n<\/div>\n<p>&nbsp;<\/p>\n<div id=\"box_compartilhar\" align=\"right\"><\/div>\n","protected":false},"excerpt":{"rendered":"<p>Segundo informa\u00e7\u00f5es do site da Prefeitura de Juiz de Fora (PJF), na Secretaria de Esporte e Lazer (SEL) da Prefeitura de Juiz de Fora (PJF) o trabalho foi voltado sobretudo \u00e0 retomada das obras do Gin\u00e1sio Poliesportivo Jornalista Ant\u00f4nio Marcos, no an\u00fancio do investimento nos campos de v\u00e1rzea, novos projetos esportivos para a cidade, al\u00e9m [&hellip;]<\/p>\n","protected":false},"author":246,"featured_media":208373,"comment_status":"closed","ping_status":"closed","sticky":false,"template":"","format":"standard","meta":{"footnotes":""},"categories":[436,257,439],"tags":[],"class_list":["post-208372","post","type-post","status-publish","format-standard","has-post-thumbnail","hentry","category-destaque-da-semana","category-esporte","category-ultima-hora"],"_links":{"self":[{"href":"https:\/\/diarioregionaldigital.com.br\/index.php?rest_route=\/wp\/v2\/posts\/208372","targetHints":{"allow":["GET"]}}],"collection":[{"href":"https:\/\/diarioregionaldigital.com.br\/index.php?rest_route=\/wp\/v2\/posts"}],"about":[{"href":"https:\/\/diarioregionaldigital.com.br\/index.php?rest_route=\/wp\/v2\/types\/post"}],"author":[{"embeddable":true,"href":"https:\/\/diarioregionaldigital.com.br\/index.php?rest_route=\/wp\/v2\/users\/246"}],"replies":[{"embeddable":true,"href":"https:\/\/diarioregionaldigital.com.br\/index.php?rest_route=%2Fwp%2Fv2%2Fcomments&post=208372"}],"version-history":[{"count":1,"href":"https:\/\/diarioregionaldigital.com.br\/index.php?rest_route=\/wp\/v2\/posts\/208372\/revisions"}],"predecessor-version":[{"id":208374,"href":"https:\/\/diarioregionaldigital.com.br\/index.php?rest_route=\/wp\/v2\/posts\/208372\/revisions\/208374"}],"wp:featuredmedia":[{"embeddable":true,"href":"https:\/\/diarioregionaldigital.com.br\/index.php?rest_route=\/wp\/v2\/media\/208373"}],"wp:attachment":[{"href":"https:\/\/diarioregionaldigital.com.br\/index.php?rest_route=%2Fwp%2Fv2%2Fmedia&parent=208372"}],"wp:term":[{"taxonomy":"category","embeddable":true,"href":"https:\/\/diarioregionaldigital.com.br\/index.php?rest_route=%2Fwp%2Fv2%2Fcategories&post=208372"},{"taxonomy":"post_tag","embeddable":true,"href":"https:\/\/diarioregionaldigital.com.br\/index.php?rest_route=%2Fwp%2Fv2%2Ftags&post=208372"}],"curies":[{"name":"wp","href":"https:\/\/api.w.org\/{rel}","templated":true}]}}